{"id":163393,"date":"2020-04-12T07:29:27","date_gmt":"2020-04-12T10:29:27","guid":{"rendered":"http:\/\/www.caririemacao.com\/1\/?p=163393"},"modified":"2020-04-13T07:42:24","modified_gmt":"2020-04-13T10:42:24","slug":"coronavirus-pode-levar-500-milhoes-de-pessoas-para-a-pobreza","status":"publish","type":"post","link":"https:\/\/www.caririemacao.com\/1\/2020\/04\/12\/coronavirus-pode-levar-500-milhoes-de-pessoas-para-a-pobreza\/","title":{"rendered":"Coronav\u00edrus pode levar 500 milh\u00f5es de pessoas para a pobreza"},"content":{"rendered":"\n<p><br>A crise econ\u00f4mica provocada pela pandemia de coronav\u00edrus pode levar mais de 500 milh\u00f5es de pessoas para a pobreza, a menos que a\u00e7\u00f5es urgentes sejam tomadas para ajudar pa\u00edses em desenvolvimento. O alerta \u00e9 da Oxfam, entidade da sociedade civil que atua em cerca de 90 pa\u00edses com campanhas, programas e ajuda humanit\u00e1ria.<\/p>\n\n\n\n<p>A organiza\u00e7\u00e3o pede que os l\u00edderes mundiais aprovem um plano emergencial de resgate econ\u00f4mico para impedir que pa\u00edses e comunidades pobres afundem. Para a Oxfam, isso pode acontecer j\u00e1 na pr\u00f3xima semana, quando est\u00e1 prevista reuni\u00e3o entre ministros de Economia dos pa\u00edses do G20 (o grupo&nbsp;dos 20 pa\u00edses mais desenvolvidos), o Banco Mundial e o Fundo Monet\u00e1rio Internacional (FMI).<\/p>\n\n\n\n<p>De acordo com a entidade, os US$ 2,5 trilh\u00f5es que as Na\u00e7\u00f5es Unidas estimam ser&nbsp;necess\u00e1rios para apoiar os pa\u00edses em desenvolvimento durante a crise do coronav\u00edrus vai requerer um adicional de US$ 500 bilh\u00f5es em ajuda externa, incluindo o financiamento dos sistemas p\u00fablicos de sa\u00fade dos pa\u00edses pobres.<\/p>\n\n\n\n<figure class=\"wp-block-image\"><img decoding=\"async\" data-src=\"https:\/\/paraibaonline.com.br\/wp-content\/uploads\/2020\/04\/pobreza-556x417.jpg\" alt=\"Foto: Arquivo\/ Ag\u00eancia Brasil\" class=\"wp-image-849467 lazyload\" src=\"data:image\/svg+xml;base64,PHN2ZyB3aWR0aD0iMSIgaGVpZ2h0PSIxIiB4bWxucz0iaHR0cDovL3d3dy53My5vcmcvMjAwMC9zdmciPjwvc3ZnPg==\" style=\"--smush-placeholder-width: 556px; --smush-placeholder-aspect-ratio: 556\/417;\" \/><\/figure>\n\n\n\n<p>Foto: Arquivo\/ Ag\u00eancia Brasil<\/p>\n\n\n\n<p>\u201cImpostos emergenciais de solidariedade, como taxas sobre lucros excessivos e pessoas muito ricas, poderiam mobilizar recursos adicionais\u201d, avalia a Oxfam, em nota.<\/p>\n\n\n\n<p>Para a entidade, apesar de urgentes e necess\u00e1rias, as medidas de distanciamento social e de restri\u00e7\u00e3o do funcionamento das cidades agravam a situa\u00e7\u00e3o dos trabalhadores, com demiss\u00f5es, suspens\u00e3o de pagamento de sal\u00e1rios ou inviabilidade do trabalho informal.<\/p>\n\n\n\n<p>O novo relat\u00f3rio da Oxfam, \u201cDignidade, n\u00e3o Indig\u00eancia\u201d, mostra&nbsp;que entre 6% e 8% da popula\u00e7\u00e3o global, cerca de 500 milh\u00f5es de pessoas, poder\u00e3o&nbsp;entrar na pobreza conforme os governos fecham suas economias para impedir que o coronav\u00edrus se espalhe em seus pa\u00edses.<\/p>\n\n\n\n<p>\u201cIsso pode representar um retrocesso de uma d\u00e9cada na luta contra a pobreza. Em algumas regi\u00f5es, como a \u00c1frica subsaariana, o norte da \u00c1frica e Oriente M\u00e9dio, essa luta pode retroceder em at\u00e9 30 anos. Mais da metade da popula\u00e7\u00e3o global poder\u00e3o&nbsp;estar na pobreza depois da pandemia\u201d, destacou a entidade.<\/p>\n\n\n\n<p>O relat\u00f3rio, publicado&nbsp;ontem&nbsp;(9), utiliza&nbsp;estimativas&nbsp;elaboradas pelo Instituto Mundial para a Pesquisa de Desenvolvimento Econ\u00f4mico, da Universidade das Na\u00e7\u00f5es Unidas, liderada&nbsp;por pesquisadores do King\u2019s College de Londres e da Universidade Nacional da Austr\u00e1lia.<\/p>\n\n\n\n<p>Para a Oxfam, as desigualdades j\u00e1 existentes evidenciam o impacto econ\u00f4mico da crise do coronav\u00edrus.<\/p>\n\n\n\n<p>\u201cComo os trabalhadores mais pobres, tanto nas na\u00e7\u00f5es ricas quanto&nbsp;nas pobres, atuam mais no mercado informal, eles est\u00e3o descobertos de diversas formas. Eles, por exemplo, n\u00e3o t\u00eam prote\u00e7\u00f5es trabalhistas e nem conseguem trabalhar de casa\u201d, diz a entidade.<\/p>\n\n\n\n<p>Globalmente, apenas um em cada cinco desempregados tem acesso a benef\u00edcios como seguro-desemprego. Dois bilh\u00f5es de pessoas trabalham no setor informal pelo mundo \u2013 90% nos pa\u00edses pobres e apenas 18% nos pa\u00edses ricos.<\/p>\n\n\n\n<p><strong>Situa\u00e7\u00e3o no Brasil<\/strong><\/p>\n\n\n\n<p>No Brasil, para a Oxfam, a situa\u00e7\u00e3o \u00e9 ainda mais preocupante devido \u00e0s moradias prec\u00e1rias, \u00e0&nbsp;falta de saneamento b\u00e1sico e de \u00e1gua e aos desafios no acesso a servi\u00e7os essenciais para os mais pobres.<\/p>\n\n\n\n<p>O Brasil tem cerca de 40 milh\u00f5es de trabalhadores sem carteira assinada e cerca de 12 milh\u00f5es de desempregados. A estimativa \u00e9 que a crise econ\u00f4mica provocada pelo coronav\u00edrus adicione, ao menos, mais 2 milh\u00f5es de pessoas entre os desempregados.<\/p>\n\n\n\n<p>\u201cO coronav\u00edrus coloca o Brasil diante de uma dura e cruel realidade, ao combinar os piores indicadores sociais&nbsp;em um mesmo local e na mesma hora. E \u00e9 neste momento que o Estado tem&nbsp;papel fundamental para reduzir esse impacto e cumprir sua responsabilidade constitucional tanto na redu\u00e7\u00e3o da pobreza e das desigualdades quanto na garantia \u00e0 vida da popula\u00e7\u00e3o\u201d, afirma Katia Maia, diretora executiva da Oxfam Brasil, em comunicado.<\/p>\n\n\n\n<p>Para a entidade, a renda b\u00e1sica emergencial de R$ 600, por tr\u00eas meses, para trabalhadores informais n\u00e3o ser\u00e1 suficiente para amenizar o impacto, e o governo dever\u00e1, entre outras medidas, ampliar o n\u00famero de pessoas atendidas e estender o per\u00edodo de concess\u00e3o.<\/p>\n\n\n\n<p><strong>Mulheres<\/strong><\/p>\n\n\n\n<p>De acordo com a Oxfam, as mulheres precisam de aten\u00e7\u00e3o especial, pois est\u00e3o na linha de frente do combate ao coronav\u00edrus e sofrer\u00e3o o impacto mais pesado da crise econ\u00f4mica.<\/p>\n\n\n\n<p>\u201cAs mulheres representam 70% da for\u00e7a de trabalho em sa\u00fade pelo mundo e fazem 75% do trabalho de cuidado n\u00e3o remunerado, atendendo a&nbsp;crian\u00e7as, doentes e idosos. As mulheres tamb\u00e9m s\u00e3o maioria nos empregos mais prec\u00e1rios\u201d, diz a entidade.<\/p>\n\n\n\n<p>\u201cOs governos precisam aprender as li\u00e7\u00f5es da crise financeira de 2008, quando a ajuda a bancos e corpora\u00e7\u00f5es foi&nbsp;paga&nbsp;pelas pessoas comuns. Elas perderam seus empregos, tiveram seus sal\u00e1rios achatados e servi\u00e7os essenciais, como os de sa\u00fade, sofreram profundos cortes de financiamento\u201d, destaca Katia Maia.<\/p>\n\n\n\n<p>\u201cOs pacotes econ\u00f4micos de est\u00edmulo t\u00eam que apoiar trabalhadores e pequenos neg\u00f3cios. A&nbsp;ajuda&nbsp;a grandes corpora\u00e7\u00f5es tem que estar condicionadas a a\u00e7\u00f5es para a constru\u00e7\u00e3o de economias mais justas e sustent\u00e1veis\u201d, completou.<\/p>\n\n\n\n<p>O relat\u00f3rio completo, em ingl\u00eas, est\u00e1 dispon\u00edvel no&nbsp;site&nbsp;da Oxfam.<\/p>\n","protected":false},"excerpt":{"rendered":"<p>A crise econ\u00f4mica provocada pela pandemia de coronav\u00edrus pode levar mais de 500 milh\u00f5es de pessoas para a pobreza, a menos que a\u00e7\u00f5es urgentes sejam&hellip; <\/p>\n","protected":false},"author":2,"featured_media":35137,"comment_status":"closed","ping_status":"closed","sticky":false,"template":"","format":"standard","meta":{"sfsi_plus_gutenberg_text_before_share":"","sfsi_plus_gutenberg_show_text_before_share":"","sfsi_plus_gutenberg_icon_type":"","sfsi_plus_gutenberg_icon_alignemt":"","sfsi_plus_gutenburg_max_per_row":"","footnotes":""},"categories":[50,2],"tags":[],"class_list":["post-163393","post","type-post","status-publish","format-standard","has-post-thumbnail","hentry","category-destaque","category-geral"],"_links":{"self":[{"href":"https:\/\/www.caririemacao.com\/1\/wp-json\/wp\/v2\/posts\/163393","targetHints":{"allow":["GET"]}}],"collection":[{"href":"https:\/\/www.caririemacao.com\/1\/wp-json\/wp\/v2\/posts"}],"about":[{"href":"https:\/\/www.caririemacao.com\/1\/wp-json\/wp\/v2\/types\/post"}],"author":[{"embeddable":true,"href":"https:\/\/www.caririemacao.com\/1\/wp-json\/wp\/v2\/users\/2"}],"replies":[{"embeddable":true,"href":"https:\/\/www.caririemacao.com\/1\/wp-json\/wp\/v2\/comments?post=163393"}],"version-history":[{"count":2,"href":"https:\/\/www.caririemacao.com\/1\/wp-json\/wp\/v2\/posts\/163393\/revisions"}],"predecessor-version":[{"id":163582,"href":"https:\/\/www.caririemacao.com\/1\/wp-json\/wp\/v2\/posts\/163393\/revisions\/163582"}],"wp:featuredmedia":[{"embeddable":true,"href":"https:\/\/www.caririemacao.com\/1\/wp-json\/wp\/v2\/media\/35137"}],"wp:attachment":[{"href":"https:\/\/www.caririemacao.com\/1\/wp-json\/wp\/v2\/media?parent=163393"}],"wp:term":[{"taxonomy":"category","embeddable":true,"href":"https:\/\/www.caririemacao.com\/1\/wp-json\/wp\/v2\/categories?post=163393"},{"taxonomy":"post_tag","embeddable":true,"href":"https:\/\/www.caririemacao.com\/1\/wp-json\/wp\/v2\/tags?post=163393"}],"curies":[{"name":"wp","href":"https:\/\/api.w.org\/{rel}","templated":true}]}}