{"id":163397,"date":"2020-04-12T07:31:04","date_gmt":"2020-04-12T10:31:04","guid":{"rendered":"http:\/\/www.caririemacao.com\/1\/?p=163397"},"modified":"2020-04-12T07:31:05","modified_gmt":"2020-04-12T10:31:05","slug":"pais-sugere-prisao-de-15-anos-para-quem-desrespeitar-isolamento-social","status":"publish","type":"post","link":"https:\/\/www.caririemacao.com\/1\/2020\/04\/12\/pais-sugere-prisao-de-15-anos-para-quem-desrespeitar-isolamento-social\/","title":{"rendered":"Pa\u00eds sugere pris\u00e3o de 15 anos para quem desrespeitar isolamento social"},"content":{"rendered":"\n<p>Organiza\u00e7\u00f5es de direitos humanos protestaram neste final de semana contra proposta do governo da Alb\u00e2nia de prender por at\u00e9 15 anos quem desrespeitar as regras de quarentena e toque de recolher.<\/p>\n\n\n\n<p>O texto foi enviado pelo Executivo ao Parlamento alban\u00eas. Em abaixo-assinado, cerca de 30 entidades pedem aos deputados que rejeitem a proposta, que, segundo elas, \u00e9 desproporcional e viola os direitos individuais.<\/p>\n\n\n\n<p>A Alb\u00e2nia est\u00e1 em estado de emerg\u00eancia desde novembro de 2019, ap\u00f3s um terremoto que deixou 51 mortos. A quarentena e o toque de recolher foram impostos em 20 de mar\u00e7o. A emerg\u00eancia terminaria em 30 de mar\u00e7o, mas foi renovada por causa da pandemia.<\/p>\n\n\n\n<p>Desde o ano passado, o primeiro-ministro alban\u00eas, Edi Rama, sofre cr\u00edticas por restringir a liberdade de imprensa, com novas leis que limitam a m\u00eddia online, e por um \u201cpacote anticrime\u201d que concede \u00e0 pol\u00edcia direito de fazer apreens\u00f5es e buscas sem ordem judicial.<\/p>\n\n\n\n<p>Nos dois casos, o Parlamento aprovou os projetos encaminhados pelo governo.<\/p>\n\n\n\n<p>Segundo o Minist\u00e9rio da Sa\u00fade da Alb\u00e2nia, h\u00e1 433 casos confirmados de coronav\u00edrus no pa\u00eds, e 23 mortos.<\/p>\n","protected":false},"excerpt":{"rendered":"<p>Organiza\u00e7\u00f5es de direitos humanos protestaram neste final de semana contra proposta do governo da Alb\u00e2nia de prender por at\u00e9 15 anos quem desrespeitar as regras&hellip; <\/p>\n","protected":false},"author":2,"featured_media":105577,"comment_status":"closed","ping_status":"closed","sticky":false,"template":"","format":"standard","meta":{"sfsi_plus_gutenberg_text_before_share":"","sfsi_plus_gutenberg_show_text_before_share":"","sfsi_plus_gutenberg_icon_type":"","sfsi_plus_gutenberg_icon_alignemt":"","sfsi_plus_gutenburg_max_per_row":"","footnotes":""},"categories":[50,2],"tags":[],"class_list":["post-163397","post","type-post","status-publish","format-standard","has-post-thumbnail","hentry","category-destaque","category-geral"],"_links":{"self":[{"href":"https:\/\/www.caririemacao.com\/1\/wp-json\/wp\/v2\/posts\/163397","targetHints":{"allow":["GET"]}}],"collection":[{"href":"https:\/\/www.caririemacao.com\/1\/wp-json\/wp\/v2\/posts"}],"about":[{"href":"https:\/\/www.caririemacao.com\/1\/wp-json\/wp\/v2\/types\/post"}],"author":[{"embeddable":true,"href":"https:\/\/www.caririemacao.com\/1\/wp-json\/wp\/v2\/users\/2"}],"replies":[{"embeddable":true,"href":"https:\/\/www.caririemacao.com\/1\/wp-json\/wp\/v2\/comments?post=163397"}],"version-history":[{"count":1,"href":"https:\/\/www.caririemacao.com\/1\/wp-json\/wp\/v2\/posts\/163397\/revisions"}],"predecessor-version":[{"id":163398,"href":"https:\/\/www.caririemacao.com\/1\/wp-json\/wp\/v2\/posts\/163397\/revisions\/163398"}],"wp:featuredmedia":[{"embeddable":true,"href":"https:\/\/www.caririemacao.com\/1\/wp-json\/wp\/v2\/media\/105577"}],"wp:attachment":[{"href":"https:\/\/www.caririemacao.com\/1\/wp-json\/wp\/v2\/media?parent=163397"}],"wp:term":[{"taxonomy":"category","embeddable":true,"href":"https:\/\/www.caririemacao.com\/1\/wp-json\/wp\/v2\/categories?post=163397"},{"taxonomy":"post_tag","embeddable":true,"href":"https:\/\/www.caririemacao.com\/1\/wp-json\/wp\/v2\/tags?post=163397"}],"curies":[{"name":"wp","href":"https:\/\/api.w.org\/{rel}","templated":true}]}}