{"id":163402,"date":"2020-04-12T07:32:51","date_gmt":"2020-04-12T10:32:51","guid":{"rendered":"http:\/\/www.caririemacao.com\/1\/?p=163402"},"modified":"2020-04-12T07:32:53","modified_gmt":"2020-04-12T10:32:53","slug":"mais-de-30-milhoes-de-pessoas-ja-se-cadastraram-para-o-auxilio-emergencial","status":"publish","type":"post","link":"https:\/\/www.caririemacao.com\/1\/2020\/04\/12\/mais-de-30-milhoes-de-pessoas-ja-se-cadastraram-para-o-auxilio-emergencial\/","title":{"rendered":"Mais de 30 milh\u00f5es de pessoas j\u00e1 se cadastraram para o aux\u00edlio emergencial"},"content":{"rendered":"\n<p>A Caixa Econ\u00f4mica Federal j\u00e1 registrou 32,2 milh\u00f5es de cadastros para receber o aux\u00edlio emergencial de R$ 600. Os dados foram atualizados at\u00e9 as 12h de&nbsp;hoje&nbsp;(11).<\/p>\n\n\n\n<p>J\u00e1 foram feitas 272 milh\u00f5es de visitas ao&nbsp;site&nbsp;do programa emergencial. No dia, foram feitas 643,7 mil liga\u00e7\u00f5es para buscar informa\u00e7\u00e3o na central 111, que j\u00e1 recebeu 9,6 milh\u00f5es de telefonemas, no total. Os downloads do aplicativo chegaram&nbsp;a 33,5 milh\u00f5es: 32,3 do&nbsp;Android&nbsp;e 1,2&nbsp;iOS.<\/p>\n\n\n\n<p>Paga a trabalhadores informais de baixa renda e a benefici\u00e1rios do Bolsa Fam\u00edlia, a&nbsp;renda b\u00e1sica emergencial&nbsp;de R$ 600 ou de R$ 1,2 mil (para m\u00e3es solteiras) foi depositada de forma autom\u00e1tica para quem j\u00e1 estava inscrito no Cadastro \u00danico de Programas Sociais (Cad\u00danico) e tem conta no Banco do Brasil e na Caixa Econ\u00f4mica Federal, na \u00faltima&nbsp;quinta-feira (9).<\/p>\n\n\n\n<p>Os demais trabalhadores t\u00eam que se cadastrar no aplicativo Caixa Aux\u00edlio Emergencial ou no site Aux\u00edlio Caixa para come\u00e7ar a receber na pr\u00f3xima semana.<\/p>\n\n\n\n<p>Quem est\u00e1 no Bolsa Fam\u00edlia n\u00e3o precisa se cadastrar e receber\u00e1 o aux\u00edlio emergencial no mesmo dia do pagamento do programa social, que ocorre entre nos \u00faltimos dez dias \u00fateis de cada m\u00eas. O benefici\u00e1rio desse grupo receber\u00e1 o maior valor entre o Bolsa Fam\u00edlia e a renda b\u00e1sica emergencial no fim&nbsp;de abril, de maio e&nbsp;de junho.<\/p>\n","protected":false},"excerpt":{"rendered":"<p>A Caixa Econ\u00f4mica Federal j\u00e1 registrou 32,2 milh\u00f5es de cadastros para receber o aux\u00edlio emergencial de R$ 600. Os dados foram atualizados at\u00e9 as 12h&hellip; <\/p>\n","protected":false},"author":2,"featured_media":163275,"comment_status":"closed","ping_status":"closed","sticky":false,"template":"","format":"standard","meta":{"sfsi_plus_gutenberg_text_before_share":"","sfsi_plus_gutenberg_show_text_before_share":"","sfsi_plus_gutenberg_icon_type":"","sfsi_plus_gutenberg_icon_alignemt":"","sfsi_plus_gutenburg_max_per_row":"","footnotes":""},"categories":[50,2],"tags":[],"class_list":["post-163402","post","type-post","status-publish","format-standard","has-post-thumbnail","hentry","category-destaque","category-geral"],"_links":{"self":[{"href":"https:\/\/www.caririemacao.com\/1\/wp-json\/wp\/v2\/posts\/163402","targetHints":{"allow":["GET"]}}],"collection":[{"href":"https:\/\/www.caririemacao.com\/1\/wp-json\/wp\/v2\/posts"}],"about":[{"href":"https:\/\/www.caririemacao.com\/1\/wp-json\/wp\/v2\/types\/post"}],"author":[{"embeddable":true,"href":"https:\/\/www.caririemacao.com\/1\/wp-json\/wp\/v2\/users\/2"}],"replies":[{"embeddable":true,"href":"https:\/\/www.caririemacao.com\/1\/wp-json\/wp\/v2\/comments?post=163402"}],"version-history":[{"count":1,"href":"https:\/\/www.caririemacao.com\/1\/wp-json\/wp\/v2\/posts\/163402\/revisions"}],"predecessor-version":[{"id":163403,"href":"https:\/\/www.caririemacao.com\/1\/wp-json\/wp\/v2\/posts\/163402\/revisions\/163403"}],"wp:featuredmedia":[{"embeddable":true,"href":"https:\/\/www.caririemacao.com\/1\/wp-json\/wp\/v2\/media\/163275"}],"wp:attachment":[{"href":"https:\/\/www.caririemacao.com\/1\/wp-json\/wp\/v2\/media?parent=163402"}],"wp:term":[{"taxonomy":"category","embeddable":true,"href":"https:\/\/www.caririemacao.com\/1\/wp-json\/wp\/v2\/categories?post=163402"},{"taxonomy":"post_tag","embeddable":true,"href":"https:\/\/www.caririemacao.com\/1\/wp-json\/wp\/v2\/tags?post=163402"}],"curies":[{"name":"wp","href":"https:\/\/api.w.org\/{rel}","templated":true}]}}