{"id":163412,"date":"2020-04-12T08:16:00","date_gmt":"2020-04-12T11:16:00","guid":{"rendered":"http:\/\/www.caririemacao.com\/1\/?p=163412"},"modified":"2020-04-12T08:16:02","modified_gmt":"2020-04-12T11:16:02","slug":"papa-francisco-nao-coloquemos-uma-pedra-sobre-a-esperanca","status":"publish","type":"post","link":"https:\/\/www.caririemacao.com\/1\/2020\/04\/12\/papa-francisco-nao-coloquemos-uma-pedra-sobre-a-esperanca\/","title":{"rendered":"Papa Francisco: \u201cN\u00e3o coloquemos uma pedra sobre a esperan\u00e7a\u201d"},"content":{"rendered":"\n<p>A Bas\u00edlica de S\u00e3o Pedro recebeu a missa deste S\u00e1bado Santo (11) sem a presen\u00e7a dos fi\u00e9is e nem a celebra\u00e7\u00e3o dos batismos, mas com uma atmosfera s\u00f3bria e prop\u00edcia para celebrar a vit\u00f3ria de Cristo sobre o pecado e a morte.<\/p>\n\n\n\n<p>As mudan\u00e7as do Departamento de Celebra\u00e7\u00f5es Lit\u00fargicas do Sumo Pont\u00edfice s\u00e3o referentes \u00e0s medidas de restri\u00e7\u00e3o impostas pela pandemia do Covid-19.<\/p>\n\n\n\n<p>A cerim\u00f4nia inicial com a B\u00ean\u00e7\u00e3o do Fogo foi realizada atr\u00e1s do altar da Confiss\u00e3o, sem luzes aos presentes, que s\u00f3 foram acesas durante a prociss\u00e3o ao altar da C\u00e1tedra, com a interpreta\u00e7\u00e3o do canto das tr\u00eas invoca\u00e7\u00f5es \u201cLumen Christi\u201d.<\/p>\n\n\n\n<p>O Papa Francisco come\u00e7ou a homilia comentando sobre a ansiedade, descrita no Evangelho (Mt 28, 1) da Vig\u00edlia Pascal, de se passar \u201cda cruz de sexta-feira \u00e0 aleluia de domingo\u201d.&nbsp;<\/p>\n\n\n\n<p>Neste ano, disse o Pont\u00edfice, mais do que nunca o S\u00e1bado Santo \u00e9 de grande sil\u00eancio e reflex\u00e3o, assim como as mulheres que foram ao sepulcro:<\/p>\n\n\n\n<p>\u201cComo n\u00f3s, tinham nos olhos o drama do sofrimento, de uma trag\u00e9dia inesperada, que se verificou muito rapidamente. Viram a morte e tinham a morte no cora\u00e7\u00e3o. \u00c0 amargura, juntou-se o medo: acabariam, tamb\u00e9m elas, como o Mestre? E depois os receios pelo futuro, carecido todo ele de ser reconstru\u00eddo. A mem\u00f3ria ferida, a esperan\u00e7a sufocada. Para elas, era a hora mais escura, como o \u00e9 hoje para n\u00f3s\u201d, asseverou o papa.<\/p>\n\n\n\n<p>Em vez de cederem \u00e0 lamenta\u00e7\u00e3o e ao pessimismo, explicou o Papa, as mulheres enfrentaram a situa\u00e7\u00e3o e realizaram \u201calgo simples e extraordin\u00e1rio\u201d, ao preparar perfumes para o corpo de Jesus, preparando tamb\u00e9m \u201co dia que havia de mudar a hist\u00f3ria\u201d: elas \u201cn\u00e3o renunciam ao amor: na escurid\u00e3o do cora\u00e7\u00e3o, acendem a miseric\u00f3rdia\u201d.<\/p>\n\n\n\n<p>Prosseguiu Francisco: \u201cJesus, como semente na terra, estava para fazer germinar no mundo uma vida nova; e as mulheres, com a ora\u00e7\u00e3o e o amor, ajudavam a esperan\u00e7a a desabrochar. Quantas pessoas, nos dias tristes que vivemos, fizeram e fazem como aquelas mulheres, semeando brotos de esperan\u00e7a com pequenos gestos de solicitude, de carinho, de ora\u00e7\u00e3o!\u201d<\/p>\n\n\n\n<p>Ao amanhecer, as mulheres foram ao sepulcro e, atrav\u00e9s do anjo e diante do t\u00famulo, ouviram palavras de vida. Depois, quando encontraram Jesus, tamb\u00e9m encontraram o an\u00fancio de esperan\u00e7a, disse o Papa.&nbsp;<\/p>\n\n\n\n<p>E o Pont\u00edfice acrescentou:<\/p>\n\n\n\n<p>\u201cNesta noite, conquistamos um direito fundamental, que n\u00e3o nos ser\u00e1 tirado: o direito \u00e0 esperan\u00e7a. \u00c9 uma esperan\u00e7a nova, viva, que vem de Deus. N\u00e3o \u00e9 mero otimismo, n\u00e3o \u00e9 uma palmada nas costas nem um encorajamento de circunst\u00e2ncia. \u00c9 um dom do C\u00e9u, que n\u00e3o pod\u00edamos obter por n\u00f3s mesmos. Tudo vai ficar bem: repetimos com tenacidade nestas semanas, agarrando-nos \u00e0 beleza da nossa humanidade e fazendo subir do cora\u00e7\u00e3o palavras de encorajamento. Mas, \u00e0 medida que os dias passam e os medos crescem, at\u00e9 a esperan\u00e7a mais audaz pode desvanecer. A esperan\u00e7a de Jesus \u00e9 diferente. Coloca no cora\u00e7\u00e3o a certeza de que Deus sabe transformar tudo em bem, pois at\u00e9 do t\u00famulo faz sair a vida.\u201d<\/p>\n\n\n\n<p>O t\u00famulo, lembrou o Papa, um lugar de onde \u201cquem entra, n\u00e3o sai. Mas Jesus saiu para n\u00f3s, ressuscitou para n\u00f3s, para trazer vida onde havia morte\u201d. Uma hist\u00f3ria de esperan\u00e7a que deve nos ajudar a n\u00e3o ceder \u201c\u00e0 resigna\u00e7\u00e3o\u201d: \u201cn\u00e3o coloquemos uma pedra sobre a esperan\u00e7a\u201d, disse Francisco.<\/p>\n\n\n\n<figure class=\"wp-block-image\"><img decoding=\"async\" data-src=\"https:\/\/paraibaonline.com.br\/wp-content\/uploads\/2020\/04\/papa110420-ascom2-567x378.jpeg\" alt=\"Foto: Ascom\" class=\"wp-image-849487 lazyload\" src=\"data:image\/svg+xml;base64,PHN2ZyB3aWR0aD0iMSIgaGVpZ2h0PSIxIiB4bWxucz0iaHR0cDovL3d3dy53My5vcmcvMjAwMC9zdmciPjwvc3ZnPg==\" style=\"--smush-placeholder-width: 567px; --smush-placeholder-aspect-ratio: 567\/378;\" \/><\/figure>\n\n\n\n<p>Foto: Ascom<\/p>\n\n\n\n<p>\u201cMinha irm\u00e3, meu irm\u00e3o, ainda que no cora\u00e7\u00e3o tenhas sepultado a esperan\u00e7a, n\u00e3o desistas! Deus \u00e9 maior. A escurid\u00e3o e a morte n\u00e3o t\u00eam a \u00faltima palavra. Coragem! Com Deus, nada est\u00e1 perdido\u201d, exclamou.<\/p>\n\n\n\n<p>O Papa Francisco falou da import\u00e2ncia dessa coragem, sempre motivada por Jesus nos Evangelhos, e que a encontramos quando abrimos o cora\u00e7\u00e3o. \u00c9, ent\u00e3o, o momento do envio para a Galileia, do an\u00fancio pascal e da esperan\u00e7a, da \u201ccerteza nas nossas incertezas, da Palavra nos nossos sil\u00eancios\u201d:<\/p>\n\n\n\n<p>Ao finalizar a homilia, o Papa fez um forte apelo ao desarmamento, ao fim das guerras e dos abortos. Como \u201cperegrinos em busca de esperan\u00e7a\u201d, Francisco encorajou a dar \u00e0s costas \u00e0 morte e a abrirmos o cora\u00e7\u00e3o \u00e0 vida, que \u00e9 Jesus ressuscitado.<\/p>\n","protected":false},"excerpt":{"rendered":"<p>A Bas\u00edlica de S\u00e3o Pedro recebeu a missa deste S\u00e1bado Santo (11) sem a presen\u00e7a dos fi\u00e9is e nem a celebra\u00e7\u00e3o dos batismos, mas com&hellip; <\/p>\n","protected":false},"author":2,"featured_media":163413,"comment_status":"closed","ping_status":"closed","sticky":false,"template":"","format":"standard","meta":{"sfsi_plus_gutenberg_text_before_share":"","sfsi_plus_gutenberg_show_text_before_share":"","sfsi_plus_gutenberg_icon_type":"","sfsi_plus_gutenberg_icon_alignemt":"","sfsi_plus_gutenburg_max_per_row":"","footnotes":""},"categories":[2],"tags":[],"class_list":["post-163412","post","type-post","status-publish","format-standard","has-post-thumbnail","hentry","category-geral"],"_links":{"self":[{"href":"https:\/\/www.caririemacao.com\/1\/wp-json\/wp\/v2\/posts\/163412","targetHints":{"allow":["GET"]}}],"collection":[{"href":"https:\/\/www.caririemacao.com\/1\/wp-json\/wp\/v2\/posts"}],"about":[{"href":"https:\/\/www.caririemacao.com\/1\/wp-json\/wp\/v2\/types\/post"}],"author":[{"embeddable":true,"href":"https:\/\/www.caririemacao.com\/1\/wp-json\/wp\/v2\/users\/2"}],"replies":[{"embeddable":true,"href":"https:\/\/www.caririemacao.com\/1\/wp-json\/wp\/v2\/comments?post=163412"}],"version-history":[{"count":1,"href":"https:\/\/www.caririemacao.com\/1\/wp-json\/wp\/v2\/posts\/163412\/revisions"}],"predecessor-version":[{"id":163414,"href":"https:\/\/www.caririemacao.com\/1\/wp-json\/wp\/v2\/posts\/163412\/revisions\/163414"}],"wp:featuredmedia":[{"embeddable":true,"href":"https:\/\/www.caririemacao.com\/1\/wp-json\/wp\/v2\/media\/163413"}],"wp:attachment":[{"href":"https:\/\/www.caririemacao.com\/1\/wp-json\/wp\/v2\/media?parent=163412"}],"wp:term":[{"taxonomy":"category","embeddable":true,"href":"https:\/\/www.caririemacao.com\/1\/wp-json\/wp\/v2\/categories?post=163412"},{"taxonomy":"post_tag","embeddable":true,"href":"https:\/\/www.caririemacao.com\/1\/wp-json\/wp\/v2\/tags?post=163412"}],"curies":[{"name":"wp","href":"https:\/\/api.w.org\/{rel}","templated":true}]}}