{"id":163415,"date":"2020-04-12T08:17:41","date_gmt":"2020-04-12T11:17:41","guid":{"rendered":"http:\/\/www.caririemacao.com\/1\/?p=163415"},"modified":"2020-04-12T08:17:42","modified_gmt":"2020-04-12T11:17:42","slug":"preco-do-leite-dispara-no-brasil-e-governo-anuncia-investigacao","status":"publish","type":"post","link":"https:\/\/www.caririemacao.com\/1\/2020\/04\/12\/preco-do-leite-dispara-no-brasil-e-governo-anuncia-investigacao\/","title":{"rendered":"Pre\u00e7o do leite dispara no Brasil e governo anuncia investiga\u00e7\u00e3o"},"content":{"rendered":"\n<p>&nbsp;A Senacon (Secretaria Nacional do Consumidor) elegeu o setor de leite para as primeiras investiga\u00e7\u00f5es sobre poss\u00edvel aumento abusivo de pre\u00e7os dos alimentos ap\u00f3s o in\u00edcio das medidas de isolamento para enfrentar a pandemia do coronav\u00edrus.<\/p>\n\n\n\n<p>O \u00f3rg\u00e3o, que \u00e9 ligado ao Minist\u00e9rio da Justi\u00e7a e Seguran\u00e7a P\u00fablica, negocia um conv\u00eanio com a Esalq (Escola Superior de Agricultura Luiz de Queiroz), da USP, para ajudar a mapear a cadeia do produto e investigar aumentos.<\/p>\n\n\n\n<p>A op\u00e7\u00e3o pelo leite foi baseada em den\u00fancia de supermercados. Dados do Cepea (Centro de Pesquisa Econ\u00f4mica Aplicada), da Esalq, mostram que o aumento da procura elevou em 24,7% o pre\u00e7o m\u00e9dio pago ao produtor do leite longa vida em mar\u00e7o.<\/p>\n\n\n\n<p>Redes varejistas, por\u00e9m, acusam fornecedores de promover aumentos de at\u00e9 50% e de dificuldade na reposi\u00e7\u00e3o de estoques ap\u00f3s corrida dos consumidores a supermercados no in\u00edcio do isolamento.<\/p>\n\n\n\n<p>O repasse \u00e0s g\u00f4ndolas, segundo o IBGE, ainda n\u00e3o foi t\u00e3o elevado. Em mar\u00e7o, o pre\u00e7o do leite longa vida no varejo subiu 1,75%. Ainda assim, foi uma das principais influ\u00eancias na alta da infla\u00e7\u00e3o dos alimentos no m\u00eas.<\/p>\n\n\n\n<p>Levantamento da consultoria Nielsen aponta que o faturamento de supermercados com vendas de leite cresceu 71,6% na terceira semana de mar\u00e7o, quando as restri\u00e7\u00f5es \u00e0 circula\u00e7\u00e3o de pessoas come\u00e7avam a ser adotadas no pa\u00eds.<\/p>\n\n\n\n<p>O segmento tem enfrentado problemas diferentes no mundo. Grandes exportadores e mais dependentes das vendas de restaurantes e lanchonetes, os produtores de Estados Unidos e Canad\u00e1 decidiram descartar parte da produ\u00e7\u00e3o por falta de compradores.<\/p>\n\n\n\n<p>\u201cAs dram\u00e1ticas mudan\u00e7as na demanda e os desafios relacionados a toda a cadeia de suprimentos resultaram na necessidade de descarte de leite cru, medida extremamente triste e dif\u00edcil\u201d, disse, em nota a Associa\u00e7\u00e3o dos Processadores de Leite do Canad\u00e1.<\/p>\n\n\n\n<p>O secret\u00e1rio da Senacon, Luciano Timm, disse \u00e0 reportagem que o mercado de leite foi o primeiro denunciado em conv\u00eanio com a Abras (Associa\u00e7\u00e3o Brasileira dos Supermercados) para investigar pr\u00e1ticas abusivas no setor de alimentos durante a pandemia.<\/p>\n\n\n\n<figure class=\"wp-block-image\"><img decoding=\"async\" data-src=\"https:\/\/paraibaonline.com.br\/wp-content\/uploads\/2020\/04\/leite-567x378.jpg\" alt=\"Foto: reprodu\u00e7\u00e3o\" class=\"wp-image-849448 lazyload\" src=\"data:image\/svg+xml;base64,PHN2ZyB3aWR0aD0iMSIgaGVpZ2h0PSIxIiB4bWxucz0iaHR0cDovL3d3dy53My5vcmcvMjAwMC9zdmciPjwvc3ZnPg==\" style=\"--smush-placeholder-width: 567px; --smush-placeholder-aspect-ratio: 567\/378;\" \/><\/figure>\n\n\n\n<p>Foto: reprodu\u00e7\u00e3o<\/p>\n\n\n\n<p>Em caso de identifica\u00e7\u00e3o de aumentos n\u00e3o justificados, a Senacon pode abrir processos administrativos com pena de multa de at\u00e9 R$ 9,9 milh\u00f5es, dependendo do faturamento da empresa.<\/p>\n\n\n\n<p>O segundo alvo, afirma Timm, deve ser o feij\u00e3o, essencial na mesa do brasileiro e tamb\u00e9m um dos focos de den\u00fancias. Segundo levantamento da Cogo Intelig\u00eancia em Agroneg\u00f3cio, o pre\u00e7o do produto no atacado subiu 71,1% em 30 dias.<\/p>\n\n\n\n<p>Nas g\u00f4ndolas, segundo o IBGE, o pre\u00e7o do feij\u00e3o-fradinho subiu 6,52% em mar\u00e7o. J\u00e1 o mulatinho teve alta de 5,86%. O feij\u00e3o-preto aumentou 1,24%, e o carioca ficou 1,29% mais barato.<\/p>\n\n\n\n<p>Timm diz que as investiga\u00e7\u00f5es da Senacon est\u00e3o relacionadas \u00e0s leis de defesa do consumidor. Tamb\u00e9m ligado ao Minist\u00e9rio da Justi\u00e7a, o Cade (Centro de Estudos Avan\u00e7ados em Economia Aplicada) est\u00e1 apurando eventuais situa\u00e7\u00f5es de abuso de poder econ\u00f4mico. Nesse caso, por\u00e9m, as investiga\u00e7\u00f5es s\u00e3o sigilosas.<\/p>\n\n\n\n<p>A alta dos pre\u00e7os dos alimentos ocorre em um momento de perda de renda da popula\u00e7\u00e3o, diante do desemprego ou da falta de oportunidades para trabalhadores aut\u00f4nomos e informais.<\/p>\n\n\n\n<p>Timm alega que a Senacon come\u00e7ou a atuar primeiro em itens de primeira necessidade na \u00e1rea de sa\u00fade, como m\u00e1scaras e \u00e1lcool em gel, e por isso s\u00f3 agora dar\u00e1 in\u00edcio a investiga\u00e7\u00f5es sobre alimentos.<\/p>\n\n\n\n<p>\u201cA gente tem que usar uma l\u00f3gica, que est\u00e1 na Constitui\u00e7\u00e3o, de efici\u00eancia na administra\u00e7\u00e3o p\u00fablica\u201d, diz. \u201cPartimos do que \u00e9 urgente: primeiro \u00e1lcool em gel, depois alimentos.\u201d<\/p>\n","protected":false},"excerpt":{"rendered":"<p>&nbsp;A Senacon (Secretaria Nacional do Consumidor) elegeu o setor de leite para as primeiras investiga\u00e7\u00f5es sobre poss\u00edvel aumento abusivo de pre\u00e7os dos alimentos ap\u00f3s o&hellip; <\/p>\n","protected":false},"author":2,"featured_media":88693,"comment_status":"closed","ping_status":"closed","sticky":false,"template":"","format":"standard","meta":{"sfsi_plus_gutenberg_text_before_share":"","sfsi_plus_gutenberg_show_text_before_share":"","sfsi_plus_gutenberg_icon_type":"","sfsi_plus_gutenberg_icon_alignemt":"","sfsi_plus_gutenburg_max_per_row":"","footnotes":""},"categories":[2],"tags":[],"class_list":["post-163415","post","type-post","status-publish","format-standard","has-post-thumbnail","hentry","category-geral"],"_links":{"self":[{"href":"https:\/\/www.caririemacao.com\/1\/wp-json\/wp\/v2\/posts\/163415","targetHints":{"allow":["GET"]}}],"collection":[{"href":"https:\/\/www.caririemacao.com\/1\/wp-json\/wp\/v2\/posts"}],"about":[{"href":"https:\/\/www.caririemacao.com\/1\/wp-json\/wp\/v2\/types\/post"}],"author":[{"embeddable":true,"href":"https:\/\/www.caririemacao.com\/1\/wp-json\/wp\/v2\/users\/2"}],"replies":[{"embeddable":true,"href":"https:\/\/www.caririemacao.com\/1\/wp-json\/wp\/v2\/comments?post=163415"}],"version-history":[{"count":1,"href":"https:\/\/www.caririemacao.com\/1\/wp-json\/wp\/v2\/posts\/163415\/revisions"}],"predecessor-version":[{"id":163416,"href":"https:\/\/www.caririemacao.com\/1\/wp-json\/wp\/v2\/posts\/163415\/revisions\/163416"}],"wp:featuredmedia":[{"embeddable":true,"href":"https:\/\/www.caririemacao.com\/1\/wp-json\/wp\/v2\/media\/88693"}],"wp:attachment":[{"href":"https:\/\/www.caririemacao.com\/1\/wp-json\/wp\/v2\/media?parent=163415"}],"wp:term":[{"taxonomy":"category","embeddable":true,"href":"https:\/\/www.caririemacao.com\/1\/wp-json\/wp\/v2\/categories?post=163415"},{"taxonomy":"post_tag","embeddable":true,"href":"https:\/\/www.caririemacao.com\/1\/wp-json\/wp\/v2\/tags?post=163415"}],"curies":[{"name":"wp","href":"https:\/\/api.w.org\/{rel}","templated":true}]}}