{"id":163418,"date":"2020-04-12T08:21:14","date_gmt":"2020-04-12T11:21:14","guid":{"rendered":"http:\/\/www.caririemacao.com\/1\/?p=163418"},"modified":"2020-04-12T08:21:16","modified_gmt":"2020-04-12T11:21:16","slug":"quimico-fala-sobre-o-uso-de-remedios-no-novo-coronavirus","status":"publish","type":"post","link":"https:\/\/www.caririemacao.com\/1\/2020\/04\/12\/quimico-fala-sobre-o-uso-de-remedios-no-novo-coronavirus\/","title":{"rendered":"Qu\u00edmico fala sobre o uso de rem\u00e9dios no novo Coronav\u00edrus"},"content":{"rendered":"\n<p>O qu\u00edmico Ian Humberto de Azevedo Ramirez, falou sobre o artigo cient\u00edfico que aborda sobre medicamentos que possam ser utilizados no tratamento contra a Covid-19, doen\u00e7a causada pela transmiss\u00e3o do novo coronav\u00edrus, que j\u00e1 matou mais de 100 mil pessoas em todo o mundo.<\/p>\n\n\n\n<p>De acordo com o especialista, o estudo visa o uso da cloroquina, hidroxicloroquina, azitromicina, no tratamento da Covid-19.<\/p>\n\n\n\n<p>\u2013 O artigo teve como objetivo fazer uma rela\u00e7\u00e3o entre a cloroquina, hidroxicloroquina, azitromicina, no combate da pandemia da Covid-19. E observou-se que os tr\u00eas medicamentos t\u00eam quatro compostos em comum na sua forma, e que o mais chamou aten\u00e7\u00e3o \u00e9 macrogol, que tem o poder de atuar no organismo como anticorpos monoclonais- afirmou<\/p>\n\n\n\n<p>Na entrevista veiculada pela Caturit\u00e9 FM, neste s\u00e1bado, 11, o qu\u00edmico explicou que o macrogol atua diretamente no sistema imunol\u00f3gico.<\/p>\n\n\n\n<p>\u2013 Ele clona um c\u00e9lula para combater materiais antigen\u00e9ticos no seu sistema imunol\u00f3gico. Espero que a cura venha na mesma velocidade que v\u00edrus se espalha pelo mundo, nem que seja de uma forma que se considerada cura, mas em forma de vacina ou tratamento, para haver ao menos uma forma de combate certa- declarou.<\/p>\n\n\n\n<p>Os medicamentos seguem em an\u00e1lise cient\u00edfica por especialista do mundo inteiro, para estudo dos efeitos e efic\u00e1cia no tratamento da Covid-19.<\/p>\n","protected":false},"excerpt":{"rendered":"<p>O qu\u00edmico Ian Humberto de Azevedo Ramirez, falou sobre o artigo cient\u00edfico que aborda sobre medicamentos que possam ser utilizados no tratamento contra a Covid-19,&hellip; <\/p>\n","protected":false},"author":2,"featured_media":163419,"comment_status":"closed","ping_status":"closed","sticky":false,"template":"","format":"standard","meta":{"sfsi_plus_gutenberg_text_before_share":"","sfsi_plus_gutenberg_show_text_before_share":"","sfsi_plus_gutenberg_icon_type":"","sfsi_plus_gutenberg_icon_alignemt":"","sfsi_plus_gutenburg_max_per_row":"","footnotes":""},"categories":[2],"tags":[],"class_list":["post-163418","post","type-post","status-publish","format-standard","has-post-thumbnail","hentry","category-geral"],"_links":{"self":[{"href":"https:\/\/www.caririemacao.com\/1\/wp-json\/wp\/v2\/posts\/163418","targetHints":{"allow":["GET"]}}],"collection":[{"href":"https:\/\/www.caririemacao.com\/1\/wp-json\/wp\/v2\/posts"}],"about":[{"href":"https:\/\/www.caririemacao.com\/1\/wp-json\/wp\/v2\/types\/post"}],"author":[{"embeddable":true,"href":"https:\/\/www.caririemacao.com\/1\/wp-json\/wp\/v2\/users\/2"}],"replies":[{"embeddable":true,"href":"https:\/\/www.caririemacao.com\/1\/wp-json\/wp\/v2\/comments?post=163418"}],"version-history":[{"count":1,"href":"https:\/\/www.caririemacao.com\/1\/wp-json\/wp\/v2\/posts\/163418\/revisions"}],"predecessor-version":[{"id":163420,"href":"https:\/\/www.caririemacao.com\/1\/wp-json\/wp\/v2\/posts\/163418\/revisions\/163420"}],"wp:featuredmedia":[{"embeddable":true,"href":"https:\/\/www.caririemacao.com\/1\/wp-json\/wp\/v2\/media\/163419"}],"wp:attachment":[{"href":"https:\/\/www.caririemacao.com\/1\/wp-json\/wp\/v2\/media?parent=163418"}],"wp:term":[{"taxonomy":"category","embeddable":true,"href":"https:\/\/www.caririemacao.com\/1\/wp-json\/wp\/v2\/categories?post=163418"},{"taxonomy":"post_tag","embeddable":true,"href":"https:\/\/www.caririemacao.com\/1\/wp-json\/wp\/v2\/tags?post=163418"}],"curies":[{"name":"wp","href":"https:\/\/api.w.org\/{rel}","templated":true}]}}