{"id":163428,"date":"2020-04-12T08:24:46","date_gmt":"2020-04-12T11:24:46","guid":{"rendered":"http:\/\/www.caririemacao.com\/1\/?p=163428"},"modified":"2020-04-12T08:24:49","modified_gmt":"2020-04-12T11:24:49","slug":"eua-se-tornam-pais-com-mais-mortes-por-coronavirus-no-mundo-diz-universidade","status":"publish","type":"post","link":"https:\/\/www.caririemacao.com\/1\/2020\/04\/12\/eua-se-tornam-pais-com-mais-mortes-por-coronavirus-no-mundo-diz-universidade\/","title":{"rendered":"EUA se tornam pa\u00eds com mais mortes por coronav\u00edrus no mundo, diz universidade"},"content":{"rendered":"\n<p>Os Estados Unidos se tornaram neste s\u00e1bado (11) o pa\u00eds com o maior n\u00famero de mortes provocadas pela Covid-19 em todo mundo, de acordo com a universidade americana Johns Hopkins. Com 18.860 mortes em territ\u00f3rio americano, o pa\u00eds superou a It\u00e1lia, que j\u00e1 tem 18.849, ainda de acordo com o balan\u00e7o da universidade.<\/p>\n\n\n\n<p>O balan\u00e7o de v\u00edtimas em todo mundo segue em constante atualiza\u00e7\u00e3o. Tamb\u00e9m neste s\u00e1bado n\u00fameros divulgados oficialmente pela Defesa Civil da It\u00e1lia apontam que o n\u00famero total de mortes no pa\u00eds j\u00e1 chega a 19.468.<\/p>\n\n\n\n<p>Ainda assim, de acordo com um levantamento feito pela ag\u00eancia de not\u00edcias Reuters, os \u00f3bitos nos EUA j\u00e1 passam de 19,6 mil, o que tamb\u00e9m coloca o pa\u00eds como recordista no n\u00famero de mortes desde o in\u00edcio da pandemia.<\/p>\n\n\n\n<p>Os Estados Unidos tamb\u00e9m lideram, com mais de 500 mil infectados, o ranking dos pa\u00edses mais atingidos pelo novo coronav\u00edrus, segundo a universidade Johns Hopkins. O pa\u00eds foi o primeiro a a registrar mais de 2 mil mortes em um per\u00edodo de 24 horas.<\/p>\n\n\n\n<p>Em 19 de mar\u00e7o, a It\u00e1lia ultrapassou o n\u00famero de mortos da China, onde a pandemia come\u00e7ou no fim de 2019. Em todo o mundo, a pandemia j\u00e1 mantou mais de 100 mil pessoas.<\/p>\n\n\n\n<p><strong>Espanha<\/strong><\/p>\n\n\n\n<p>J\u00e1 na Espanha, o segundo pa\u00eds com maior n\u00famero de mortes na Europa (atr\u00e1s apenas da It\u00e1lia), foram registradas 510 mortes pelo novo coronav\u00edrus nas \u00faltimas 24 horas.<\/p>\n\n\n\n<p>Apesar de alto, este \u00e9 o menor n\u00famero de \u00f3bitos no pa\u00eds nos \u00faltimos 19 dias e o terceiro dia consecutivo de queda, segundo informou o Minist\u00e9rio da Sa\u00fade espanhol neste s\u00e1bado (11).<\/p>\n\n\n\n<p><strong>Reino Unido<\/strong><\/p>\n\n\n\n<p>O Reino Unido agora contabiliza 9.875 mortes na pandemia de coronav\u00edrus, o quinto maior n\u00famero nacional do mundo. Este s\u00e1bado foi o segundo dia consecutivo em que o n\u00famero de mortos superou a marca de 900.<\/p>\n\n\n\n<p><strong>Brasil<\/strong><\/p>\n\n\n\n<p>O Brasil tem 1.074 mortes confirmadas pela Covid-19 e 19.943 casos confirmados de infec\u00e7\u00e3o pelo novo coronav\u00edrus (Sars-Cov-2), de acordo com o balan\u00e7o das secretarias estaduais de Sa\u00fade, obtidos pelo G1, at\u00e9 as 21h15 desta sexta-feira (10). Os dados do Minist\u00e9rio da Sa\u00fade, tamb\u00e9m desta sexta, apontam 1.056 mortes e 19.638 casos confirmados.<\/p>\n\n\n\n<p>O n\u00famero de mortes registradas no Brasil dobrou em uma semana.<\/p>\n\n\n\n<p>S\u00e3o Paulo continua com o maior n\u00famero de casos confirmados e de mortes. S\u00e3o 8.216 infectados e 540 \u00f3bitos.<\/p>\n","protected":false},"excerpt":{"rendered":"<p>Os Estados Unidos se tornaram neste s\u00e1bado (11) o pa\u00eds com o maior n\u00famero de mortes provocadas pela Covid-19 em todo mundo, de acordo com&hellip; <\/p>\n","protected":false},"author":2,"featured_media":163429,"comment_status":"closed","ping_status":"closed","sticky":false,"template":"","format":"standard","meta":{"sfsi_plus_gutenberg_text_before_share":"","sfsi_plus_gutenberg_show_text_before_share":"","sfsi_plus_gutenberg_icon_type":"","sfsi_plus_gutenberg_icon_alignemt":"","sfsi_plus_gutenburg_max_per_row":"","footnotes":""},"categories":[2],"tags":[],"class_list":["post-163428","post","type-post","status-publish","format-standard","has-post-thumbnail","hentry","category-geral"],"_links":{"self":[{"href":"https:\/\/www.caririemacao.com\/1\/wp-json\/wp\/v2\/posts\/163428","targetHints":{"allow":["GET"]}}],"collection":[{"href":"https:\/\/www.caririemacao.com\/1\/wp-json\/wp\/v2\/posts"}],"about":[{"href":"https:\/\/www.caririemacao.com\/1\/wp-json\/wp\/v2\/types\/post"}],"author":[{"embeddable":true,"href":"https:\/\/www.caririemacao.com\/1\/wp-json\/wp\/v2\/users\/2"}],"replies":[{"embeddable":true,"href":"https:\/\/www.caririemacao.com\/1\/wp-json\/wp\/v2\/comments?post=163428"}],"version-history":[{"count":1,"href":"https:\/\/www.caririemacao.com\/1\/wp-json\/wp\/v2\/posts\/163428\/revisions"}],"predecessor-version":[{"id":163430,"href":"https:\/\/www.caririemacao.com\/1\/wp-json\/wp\/v2\/posts\/163428\/revisions\/163430"}],"wp:featuredmedia":[{"embeddable":true,"href":"https:\/\/www.caririemacao.com\/1\/wp-json\/wp\/v2\/media\/163429"}],"wp:attachment":[{"href":"https:\/\/www.caririemacao.com\/1\/wp-json\/wp\/v2\/media?parent=163428"}],"wp:term":[{"taxonomy":"category","embeddable":true,"href":"https:\/\/www.caririemacao.com\/1\/wp-json\/wp\/v2\/categories?post=163428"},{"taxonomy":"post_tag","embeddable":true,"href":"https:\/\/www.caririemacao.com\/1\/wp-json\/wp\/v2\/tags?post=163428"}],"curies":[{"name":"wp","href":"https:\/\/api.w.org\/{rel}","templated":true}]}}