{"id":163438,"date":"2020-04-12T08:28:53","date_gmt":"2020-04-12T11:28:53","guid":{"rendered":"http:\/\/www.caririemacao.com\/1\/?p=163438"},"modified":"2020-04-12T08:28:55","modified_gmt":"2020-04-12T11:28:55","slug":"brasil-ultrapassa-20-mil-casos-de-covid-19-e-mais-de-1-mil-mortes","status":"publish","type":"post","link":"https:\/\/www.caririemacao.com\/1\/2020\/04\/12\/brasil-ultrapassa-20-mil-casos-de-covid-19-e-mais-de-1-mil-mortes\/","title":{"rendered":"Brasil ultrapassa 20 mil casos de covid-19 e mais de 1 mil mortes"},"content":{"rendered":"\n<p>O Brasil ultrapassou os 20 mil casos confirmados do novo coronav\u00edrus (Sars-Cov-2). De acordo com informa\u00e7\u00f5es de secretarias estaduais de Sa\u00fade divulgadas at\u00e9 as 12h20 deste s\u00e1bado (11), o total de mortos por covid-19 em todo o pa\u00eds chega a 1.084.<\/p>\n\n\n\n<p>Pernambuco tem 72 mortes e 816 casos confirmados do novo coronav\u00edrus. O Cear\u00e1 registrou, ao todo, 1.582 casos de Covid-19. Em Minas, o n\u00famero de casos confirmados da doen\u00e7a subiu de 698 para 750. E em Mato Grosso do Sul, de 97 para 100.<\/p>\n\n\n\n<p><strong>LEIA MAIS<\/strong>:&nbsp;<a href=\"https:\/\/www.clickpb.com.br\/mundo\/casos-de-covid-19-passam-de-meio-milhao-nos-eua-281953.html\">Casos de Covid-19 passam de meio milh\u00e3o nos EUA<\/a><br><\/p>\n\n\n\n<p>O Esp\u00edrito Santo registrou a nona morte pela doen\u00e7a. Trata-se de um homem de 82 anos, morador da Serra, com comorbidade, e que estava internado no Hospital Jayme Santos Neves.<\/p>\n\n\n\n<p>O Amap\u00e1 confirmou a terceira morte em decorr\u00eancia da Covid-19, um homem de 57 anos. A Bahia registrou a 21\u00aa morte.<\/p>\n\n\n\n<p>O balan\u00e7o mais recente do Minist\u00e9rio da Sa\u00fade, divulgado nesta sexta-feira (10), aponta 19.638 casos confirmados e 1.056 mortes. Um novo balan\u00e7o deve ser informado pelo minist\u00e9rio na tarde deste s\u00e1bado (11).<\/p>\n","protected":false},"excerpt":{"rendered":"<p>O Brasil ultrapassou os 20 mil casos confirmados do novo coronav\u00edrus (Sars-Cov-2). De acordo com informa\u00e7\u00f5es de secretarias estaduais de Sa\u00fade divulgadas at\u00e9 as 12h20&hellip; <\/p>\n","protected":false},"author":2,"featured_media":163439,"comment_status":"closed","ping_status":"closed","sticky":false,"template":"","format":"standard","meta":{"sfsi_plus_gutenberg_text_before_share":"","sfsi_plus_gutenberg_show_text_before_share":"","sfsi_plus_gutenberg_icon_type":"","sfsi_plus_gutenberg_icon_alignemt":"","sfsi_plus_gutenburg_max_per_row":"","footnotes":""},"categories":[50,2],"tags":[],"class_list":["post-163438","post","type-post","status-publish","format-standard","has-post-thumbnail","hentry","category-destaque","category-geral"],"_links":{"self":[{"href":"https:\/\/www.caririemacao.com\/1\/wp-json\/wp\/v2\/posts\/163438","targetHints":{"allow":["GET"]}}],"collection":[{"href":"https:\/\/www.caririemacao.com\/1\/wp-json\/wp\/v2\/posts"}],"about":[{"href":"https:\/\/www.caririemacao.com\/1\/wp-json\/wp\/v2\/types\/post"}],"author":[{"embeddable":true,"href":"https:\/\/www.caririemacao.com\/1\/wp-json\/wp\/v2\/users\/2"}],"replies":[{"embeddable":true,"href":"https:\/\/www.caririemacao.com\/1\/wp-json\/wp\/v2\/comments?post=163438"}],"version-history":[{"count":1,"href":"https:\/\/www.caririemacao.com\/1\/wp-json\/wp\/v2\/posts\/163438\/revisions"}],"predecessor-version":[{"id":163440,"href":"https:\/\/www.caririemacao.com\/1\/wp-json\/wp\/v2\/posts\/163438\/revisions\/163440"}],"wp:featuredmedia":[{"embeddable":true,"href":"https:\/\/www.caririemacao.com\/1\/wp-json\/wp\/v2\/media\/163439"}],"wp:attachment":[{"href":"https:\/\/www.caririemacao.com\/1\/wp-json\/wp\/v2\/media?parent=163438"}],"wp:term":[{"taxonomy":"category","embeddable":true,"href":"https:\/\/www.caririemacao.com\/1\/wp-json\/wp\/v2\/categories?post=163438"},{"taxonomy":"post_tag","embeddable":true,"href":"https:\/\/www.caririemacao.com\/1\/wp-json\/wp\/v2\/tags?post=163438"}],"curies":[{"name":"wp","href":"https:\/\/api.w.org\/{rel}","templated":true}]}}