{"id":163442,"date":"2020-04-12T08:31:08","date_gmt":"2020-04-12T11:31:08","guid":{"rendered":"http:\/\/www.caririemacao.com\/1\/?p=163442"},"modified":"2020-04-12T08:31:11","modified_gmt":"2020-04-12T11:31:11","slug":"metade-da-pb-abandona-isolamento-as-vesperas-de-momento-critico","status":"publish","type":"post","link":"https:\/\/www.caririemacao.com\/1\/2020\/04\/12\/metade-da-pb-abandona-isolamento-as-vesperas-de-momento-critico\/","title":{"rendered":"Metade da PB abandona isolamento \u00e0s v\u00e9speras de \u2018momento cr\u00edtico\u2019"},"content":{"rendered":"\n<p>O paraibano decidiu sair de casa. Na semana que o Estado registrou um aumento significativo no n\u00famero de casos confirmados e de mortes por coronav\u00edrus em rela\u00e7\u00e3o a sete dias atr\u00e1s, um levantamento feito pela empresa de software In Loco registra que pouco mais da metade dos paraibanos voltaram a frequentar \u00e0s ruas, antes do momento mais cr\u00edtico da pandemia \u2013 vale ressaltar.<\/p>\n\n\n\n<p>A empresa de tecnologia usa dados enviados por aplicativos parceiros para aferir deslocamentos dos usu\u00e1rios.<\/p>\n\n\n\n<p>De acordo com a \u00faltima a atualiza\u00e7\u00e3o feita no \u00faltimo dia 9 (quinta-feira), a Para\u00edba tinha um \u00cdndice de isolamento social de 49,9%. Na atualiza\u00e7\u00e3o anterior, no dia 6 de abril (segunda-feira), o Estado registrava 52,94%.<\/p>\n\n\n\n<div class=\"wp-block-image\"><figure class=\"aligncenter\"><img decoding=\"async\" data-src=\"https:\/\/i1.wp.com\/www.maispb.com.br\/wp-content\/uploads\/2020\/04\/Sem-t%C3%ADtulo-4.jpg\" alt=\"\" class=\"wp-image-458198 lazyload\" src=\"data:image\/svg+xml;base64,PHN2ZyB3aWR0aD0iMSIgaGVpZ2h0PSIxIiB4bWxucz0iaHR0cDovL3d3dy53My5vcmcvMjAwMC9zdmciPjwvc3ZnPg==\" \/><\/figure><\/div>\n\n\n\n<blockquote class=\"wp-block-quote is-layout-flow wp-block-quote-is-layout-flow\"><p>\u00cdndice de isolamento nos estados nas \u00faltimas semanas na Para\u00edba<\/p><p>3-9 de mar\u00e7o | 27,14%<br>10-16 de mar\u00e7o | 33,08%<br>17-23 de mar\u00e7o | 45%<br>24-30 de mar\u00e7o | 56,75%<br>31 de mar\u00e7o \u2013 6 de abril | 52,94%<br>9 de abril | 49,9%<\/p><\/blockquote>\n\n\n\n<p>Ainda segundo o aplicativo, a Para\u00edba apresentou um percentual m\u00e1ximo de isolamento social entre os dias 24-30 de mar\u00e7o, pouco depois do governador Jo\u00e3o Azev\u00eado (Cidadania) decretar calamidade p\u00fablica no estado. A taxa foi de 56,75%.<\/p>\n\n\n\n<p>A In Loco afirma que a coleta de dados s\u00f3 \u00e9 feita com a permiss\u00e3o dos usu\u00e1rios dos apps. A empresa tamb\u00e9m ressalta que n\u00e3o repassar informa\u00e7\u00f5es como nome, RG ou CPF. Para monitorar o deslocamento, a In Loco utiliza GPS, sinais de wi-fi, Bluetooth e telefonia. A empresa diz possuir informa\u00e7\u00f5es de localiza\u00e7\u00e3o em tempo real de 60 milh\u00f5es de smartphones no Brasil.<\/p>\n\n\n\n<p>A Para\u00edba tem 85 casos confirmados de coronav\u00edrus, sendo 64 em Jo\u00e3o Pessoa, e onze mortes.<\/p>\n\n\n\n<p><strong>O que diz a Secretaria de Sa\u00fade<\/strong><\/p>\n\n\n\n<p>Segundo o secret\u00e1rio executivo de Sa\u00fade do Estado, Daniel Beltrammi, o pico da epidemia de Covid-19 na Para\u00edba deve ocorrer entre os dias 20 e 30 deste m\u00eas de abril, podendo chegar at\u00e9 o in\u00edcio de maio.<\/p>\n\n\n\n<p>O secret\u00e1rio entende que as previs\u00f5es para o Nordeste s\u00e3o diferentes em rela\u00e7\u00e3o ao Sudeste, onde a pandemia j\u00e1 apresenta crescimento descontrolado.<\/p>\n\n\n\n<p>Mais PB<\/p>\n","protected":false},"excerpt":{"rendered":"<p>O paraibano decidiu sair de casa. Na semana que o Estado registrou um aumento significativo no n\u00famero de casos confirmados e de mortes por coronav\u00edrus&hellip; <\/p>\n","protected":false},"author":2,"featured_media":163443,"comment_status":"closed","ping_status":"closed","sticky":false,"template":"","format":"standard","meta":{"sfsi_plus_gutenberg_text_before_share":"","sfsi_plus_gutenberg_show_text_before_share":"","sfsi_plus_gutenberg_icon_type":"","sfsi_plus_gutenberg_icon_alignemt":"","sfsi_plus_gutenburg_max_per_row":"","footnotes":""},"categories":[2],"tags":[],"class_list":["post-163442","post","type-post","status-publish","format-standard","has-post-thumbnail","hentry","category-geral"],"_links":{"self":[{"href":"https:\/\/www.caririemacao.com\/1\/wp-json\/wp\/v2\/posts\/163442","targetHints":{"allow":["GET"]}}],"collection":[{"href":"https:\/\/www.caririemacao.com\/1\/wp-json\/wp\/v2\/posts"}],"about":[{"href":"https:\/\/www.caririemacao.com\/1\/wp-json\/wp\/v2\/types\/post"}],"author":[{"embeddable":true,"href":"https:\/\/www.caririemacao.com\/1\/wp-json\/wp\/v2\/users\/2"}],"replies":[{"embeddable":true,"href":"https:\/\/www.caririemacao.com\/1\/wp-json\/wp\/v2\/comments?post=163442"}],"version-history":[{"count":1,"href":"https:\/\/www.caririemacao.com\/1\/wp-json\/wp\/v2\/posts\/163442\/revisions"}],"predecessor-version":[{"id":163444,"href":"https:\/\/www.caririemacao.com\/1\/wp-json\/wp\/v2\/posts\/163442\/revisions\/163444"}],"wp:featuredmedia":[{"embeddable":true,"href":"https:\/\/www.caririemacao.com\/1\/wp-json\/wp\/v2\/media\/163443"}],"wp:attachment":[{"href":"https:\/\/www.caririemacao.com\/1\/wp-json\/wp\/v2\/media?parent=163442"}],"wp:term":[{"taxonomy":"category","embeddable":true,"href":"https:\/\/www.caririemacao.com\/1\/wp-json\/wp\/v2\/categories?post=163442"},{"taxonomy":"post_tag","embeddable":true,"href":"https:\/\/www.caririemacao.com\/1\/wp-json\/wp\/v2\/tags?post=163442"}],"curies":[{"name":"wp","href":"https:\/\/api.w.org\/{rel}","templated":true}]}}