{"id":163446,"date":"2020-04-12T10:09:47","date_gmt":"2020-04-12T13:09:47","guid":{"rendered":"http:\/\/www.caririemacao.com\/1\/?p=163446"},"modified":"2020-04-12T10:09:50","modified_gmt":"2020-04-12T13:09:50","slug":"famup-lanca-campanha-que-estimula-uso-de-mascaras-caseiras-pela-populacao","status":"publish","type":"post","link":"https:\/\/www.caririemacao.com\/1\/2020\/04\/12\/famup-lanca-campanha-que-estimula-uso-de-mascaras-caseiras-pela-populacao\/","title":{"rendered":"Famup lan\u00e7a campanha que estimula uso de m\u00e1scaras caseiras pela popula\u00e7\u00e3o"},"content":{"rendered":"\n<p>Seguindo as recomenda\u00e7\u00f5es das autoridades em sa\u00fade, a Federa\u00e7\u00e3o das Associa\u00e7\u00f5es de Munic\u00edpios da Para\u00edba (Famup) lan\u00e7ou uma a\u00e7\u00e3o nas redes sociais para estimular o uso de m\u00e1scaras, caso seja necess\u00e1rio sair de casa. Esses itens t\u00eam se tornado verdadeiros aliados no combate \u00e0 prolifera\u00e7\u00e3o do coronav\u00edrus, se tronando uma barreira de prote\u00e7\u00e3o. A Famup pede ainda que as pessoas que tiverem m\u00e1scaras cir\u00fargicas, PFF2 ou N95 em casa, doem para os profissionais da sa\u00fade que est\u00e3o na linha de frente no combate ao coronav\u00edrus.<\/p>\n\n\n\n<p>De acordo com o presidente da entidade, George Coelho, a luta contra o coronav\u00edrus continua em todo o Estado e por isso, \u00e9 recomendado que as pessoas permane\u00e7am em casa. Ele observou que apenas em caso de necessidade, as pessoas passem a utilizar as m\u00e1scaras caseiras. \u201cVamos adotar mais essa seguran\u00e7a de usar a m\u00e1scara j\u00e1 que muitas vezes temos que ir ao supermercado, a farm\u00e1cia ou at\u00e9 a um banco ou lot\u00e9rica\u201d, destacou.<\/p>\n\n\n\n<p>A Federa\u00e7\u00e3o tem destacado a uni\u00e3o dos prefeitos paraibanos nas decis\u00f5es para o combate ao coronav\u00edrus e refor\u00e7a que as iniciativas devem ser adotadas depois de conversas com outros munic\u00edpios e tamb\u00e9m com o Governo do Estado. \u201cEssas decis\u00f5es devem ser alinhadas, em parceria. Por isso, nos colocamos a disposi\u00e7\u00e3o para discutir as a\u00e7\u00f5es nesse momento de crise\u201d, afirmou.<\/p>\n\n\n\n<p>As m\u00e1scaras caseiras t\u00eam se tornado um fen\u00f4meno mundial e qualquer cidad\u00e3o pode fazer a sua em casa. Al\u00e9m de eficiente, \u00e9 um equipamento simples, que n\u00e3o exige grande complexidade na sua produ\u00e7\u00e3o e pode ser um grande aliado no combate \u00e0 propaga\u00e7\u00e3o do coronav\u00edrus no Brasil, protegendo voc\u00ea e outras pessoas ao seu redor, segundo o Minist\u00e9rio da Sa\u00fade.<\/p>\n\n\n\n<figure class=\"wp-block-image\"><img decoding=\"async\" data-src=\"https:\/\/i2.wp.com\/pautapb.com.br\/wp-content\/uploads\/2020\/04\/banner-famup-campanha-mascara-caseira.jpeg\" alt=\"\" class=\"wp-image-43653 lazyload\" src=\"data:image\/svg+xml;base64,PHN2ZyB3aWR0aD0iMSIgaGVpZ2h0PSIxIiB4bWxucz0iaHR0cDovL3d3dy53My5vcmcvMjAwMC9zdmciPjwvc3ZnPg==\" \/><\/figure>\n\n\n\n<p><strong>Orienta\u00e7\u00f5es do Minist\u00e9rio da Sa\u00fade sobre M\u00e1scaras Caseiras<\/strong><\/p>\n\n\n\n<ul class=\"wp-block-list\"><li>Em primeiro lugar, \u00e9 preciso dizer que a m\u00e1scara \u00e9 individual. N\u00e3o pode ser dividida com ningu\u00e9m, nem com m\u00e3e, filho, irm\u00e3o, marido, esposa etc. Ent\u00e3o se a sua fam\u00edlia \u00e9 grande, saiba que cada um tem que ter a sua m\u00e1scara, ou m\u00e1scaras;<\/li><li>A m\u00e1scara deve ser usada por cerca de duas horas. Depois desse tempo, \u00e9 preciso trocar. Ent\u00e3o, o ideal \u00e9 que cada pessoa tenha pelo menos duas m\u00e1scaras de pano;<\/li><li>Mas aten\u00e7\u00e3o: a m\u00e1scara serve de barreira f\u00edsica ao v\u00edrus. Por isso, \u00e9 preciso que ela tenha pelo menos duas camadas de pano, ou seja, dupla face;<\/li><li>Tamb\u00e9m \u00e9 importante ter el\u00e1sticos ou tiras para amarrar acima das orelhas e abaixo da nuca. Desse jeito, o pano estar\u00e1 sempre protegendo a boca e o nariz e n\u00e3o restar\u00e3o espa\u00e7os no rosto;<\/li><li>Use a m\u00e1scara sempre que precisar sair de casa. Saia sempre com pelo menos uma reserva e leve uma sacola para guardar a m\u00e1scara suja, quando precisar trocar;<\/li><li>Chegando em casa, lave as m\u00e1scaras usadas com \u00e1gua sanit\u00e1ria. Deixe de molho por cerca de dez minutos;<\/li><li>Para cumprir essa miss\u00e3o de prote\u00e7\u00e3o contra o coronav\u00edrus, serve qualquer peda\u00e7o de tecido, vale desmanchar aquela camisa velha, cal\u00e7a antiga, cueca, cortina, o que for. Desde que seja feita de algod\u00e3o, tricoline ou TNT ou outros tecidos, desde que desenhadas e higienizadas corretamente.<\/li><\/ul>\n\n\n\n<p><\/p>\n","protected":false},"excerpt":{"rendered":"<p>Seguindo as recomenda\u00e7\u00f5es das autoridades em sa\u00fade, a Federa\u00e7\u00e3o das Associa\u00e7\u00f5es de Munic\u00edpios da Para\u00edba (Famup) lan\u00e7ou uma a\u00e7\u00e3o nas redes sociais para estimular o&hellip; <\/p>\n","protected":false},"author":2,"featured_media":161862,"comment_status":"closed","ping_status":"closed","sticky":false,"template":"","format":"standard","meta":{"sfsi_plus_gutenberg_text_before_share":"","sfsi_plus_gutenberg_show_text_before_share":"","sfsi_plus_gutenberg_icon_type":"","sfsi_plus_gutenberg_icon_alignemt":"","sfsi_plus_gutenburg_max_per_row":"","footnotes":""},"categories":[2],"tags":[],"class_list":["post-163446","post","type-post","status-publish","format-standard","has-post-thumbnail","hentry","category-geral"],"_links":{"self":[{"href":"https:\/\/www.caririemacao.com\/1\/wp-json\/wp\/v2\/posts\/163446","targetHints":{"allow":["GET"]}}],"collection":[{"href":"https:\/\/www.caririemacao.com\/1\/wp-json\/wp\/v2\/posts"}],"about":[{"href":"https:\/\/www.caririemacao.com\/1\/wp-json\/wp\/v2\/types\/post"}],"author":[{"embeddable":true,"href":"https:\/\/www.caririemacao.com\/1\/wp-json\/wp\/v2\/users\/2"}],"replies":[{"embeddable":true,"href":"https:\/\/www.caririemacao.com\/1\/wp-json\/wp\/v2\/comments?post=163446"}],"version-history":[{"count":1,"href":"https:\/\/www.caririemacao.com\/1\/wp-json\/wp\/v2\/posts\/163446\/revisions"}],"predecessor-version":[{"id":163447,"href":"https:\/\/www.caririemacao.com\/1\/wp-json\/wp\/v2\/posts\/163446\/revisions\/163447"}],"wp:featuredmedia":[{"embeddable":true,"href":"https:\/\/www.caririemacao.com\/1\/wp-json\/wp\/v2\/media\/161862"}],"wp:attachment":[{"href":"https:\/\/www.caririemacao.com\/1\/wp-json\/wp\/v2\/media?parent=163446"}],"wp:term":[{"taxonomy":"category","embeddable":true,"href":"https:\/\/www.caririemacao.com\/1\/wp-json\/wp\/v2\/categories?post=163446"},{"taxonomy":"post_tag","embeddable":true,"href":"https:\/\/www.caririemacao.com\/1\/wp-json\/wp\/v2\/tags?post=163446"}],"curies":[{"name":"wp","href":"https:\/\/api.w.org\/{rel}","templated":true}]}}