{"id":163449,"date":"2020-04-12T11:38:18","date_gmt":"2020-04-12T14:38:18","guid":{"rendered":"http:\/\/www.caririemacao.com\/1\/?p=163449"},"modified":"2020-04-12T11:38:19","modified_gmt":"2020-04-12T14:38:19","slug":"coronavirus-gestor-que-reduzir-isolamento-sem-respaldo-pode-gerar-acao-por-improbidade-diz-mpf","status":"publish","type":"post","link":"https:\/\/www.caririemacao.com\/1\/2020\/04\/12\/coronavirus-gestor-que-reduzir-isolamento-sem-respaldo-pode-gerar-acao-por-improbidade-diz-mpf\/","title":{"rendered":"CORONAV\u00cdRUS: Gestor que reduzir isolamento sem respaldo pode gerar a\u00e7\u00e3o por improbidade, diz MPF"},"content":{"rendered":"\n<p><br>A Procuradoria Federal dos Direitos do Cidad\u00e3o (PFDC), \u00f3rg\u00e3o do&nbsp;Minist\u00e9rio P\u00fablico Federal, emitiu neste s\u00e1bado (11) uma nota t\u00e9cnica destacando que o gestor que flexibilizar as medidas de distanciamento social em meio \u00e0 pandemia do&nbsp;coronav\u00edrus&nbsp;sem ter respaldo t\u00e9cnico&nbsp;poder\u00e1 responder por improbidade administrativa.<\/p>\n\n\n\n<p>A a\u00e7\u00e3o por improbidade administrativa pode resultar, em tese, em perda da fun\u00e7\u00e3o p\u00fablica, suspens\u00e3o dos direitos pol\u00edticos e pagamento de multa.<\/p>\n\n\n\n<p>Segundo o documento, que serve de orienta\u00e7\u00e3o aos procuradores de todo o pa\u00eds, a transi\u00e7\u00e3o das regras de quarentena est\u00e1 condicionada \u00e0 garantia de que o sistema de sa\u00fade p\u00fablica consiga atender ao pico de demanda, conforme crit\u00e9rios definidos no boletim epidemiol\u00f3gico n\u00ba 8 do Minist\u00e9rio da Sa\u00fade.<\/p>\n\n\n\n<p>Ou seja, qualquer decis\u00e3o para flexibilizar a medida de distanciamento s\u00f3 pode ser tomada se houver \u201crespiradores suficientes, EPIs para os trabalhadores da \u00e1rea da sa\u00fade (como gorro, \u00f3culos, m\u00e1scara, luvas e \u00e1lcool gel), recursos humanos para o manejo de cuidados b\u00e1sicos e avan\u00e7ados de pacientes da covid-19, leitos de UTI e de interna\u00e7\u00e3o, bem como testes laboratoriais para o diagn\u00f3stico dos pacientes\u201d.<\/p>\n\n\n\n<p>\u201cOs deveres de moralidade administrativa e de motiva\u00e7\u00e3o e publicidade dos atos administrativos s\u00e3o imperativos estruturantes da administra\u00e7\u00e3o p\u00fablica no Estado Democr\u00e1tico de Direito e a inobserv\u00e2ncia desses princ\u00edpios caracteriza improbidade administrativa\u201d, afirma trecho da nota, assinada pela procuradora federal dos diretos do cidad\u00e3o, Deborah Duprat, e pelo seu adjunto, Marlon Weichert.<\/p>\n\n\n\n<p><\/p>\n","protected":false},"excerpt":{"rendered":"<p>A Procuradoria Federal dos Direitos do Cidad\u00e3o (PFDC), \u00f3rg\u00e3o do&nbsp;Minist\u00e9rio P\u00fablico Federal, emitiu neste s\u00e1bado (11) uma nota t\u00e9cnica destacando que o gestor que flexibilizar&hellip; <\/p>\n","protected":false},"author":2,"featured_media":163450,"comment_status":"closed","ping_status":"closed","sticky":false,"template":"","format":"standard","meta":{"sfsi_plus_gutenberg_text_before_share":"","sfsi_plus_gutenberg_show_text_before_share":"","sfsi_plus_gutenberg_icon_type":"","sfsi_plus_gutenberg_icon_alignemt":"","sfsi_plus_gutenburg_max_per_row":"","footnotes":""},"categories":[2],"tags":[],"class_list":["post-163449","post","type-post","status-publish","format-standard","has-post-thumbnail","hentry","category-geral"],"_links":{"self":[{"href":"https:\/\/www.caririemacao.com\/1\/wp-json\/wp\/v2\/posts\/163449","targetHints":{"allow":["GET"]}}],"collection":[{"href":"https:\/\/www.caririemacao.com\/1\/wp-json\/wp\/v2\/posts"}],"about":[{"href":"https:\/\/www.caririemacao.com\/1\/wp-json\/wp\/v2\/types\/post"}],"author":[{"embeddable":true,"href":"https:\/\/www.caririemacao.com\/1\/wp-json\/wp\/v2\/users\/2"}],"replies":[{"embeddable":true,"href":"https:\/\/www.caririemacao.com\/1\/wp-json\/wp\/v2\/comments?post=163449"}],"version-history":[{"count":1,"href":"https:\/\/www.caririemacao.com\/1\/wp-json\/wp\/v2\/posts\/163449\/revisions"}],"predecessor-version":[{"id":163451,"href":"https:\/\/www.caririemacao.com\/1\/wp-json\/wp\/v2\/posts\/163449\/revisions\/163451"}],"wp:featuredmedia":[{"embeddable":true,"href":"https:\/\/www.caririemacao.com\/1\/wp-json\/wp\/v2\/media\/163450"}],"wp:attachment":[{"href":"https:\/\/www.caririemacao.com\/1\/wp-json\/wp\/v2\/media?parent=163449"}],"wp:term":[{"taxonomy":"category","embeddable":true,"href":"https:\/\/www.caririemacao.com\/1\/wp-json\/wp\/v2\/categories?post=163449"},{"taxonomy":"post_tag","embeddable":true,"href":"https:\/\/www.caririemacao.com\/1\/wp-json\/wp\/v2\/tags?post=163449"}],"curies":[{"name":"wp","href":"https:\/\/api.w.org\/{rel}","templated":true}]}}