{"id":163453,"date":"2020-04-12T11:58:59","date_gmt":"2020-04-12T14:58:59","guid":{"rendered":"http:\/\/www.caririemacao.com\/1\/?p=163453"},"modified":"2020-04-12T11:59:01","modified_gmt":"2020-04-12T14:59:01","slug":"brasil-podera-realizar-ate-50-mil-testes-de-covid-19-por-dia","status":"publish","type":"post","link":"https:\/\/www.caririemacao.com\/1\/2020\/04\/12\/brasil-podera-realizar-ate-50-mil-testes-de-covid-19-por-dia\/","title":{"rendered":"Brasil poder\u00e1 realizar at\u00e9 50 mil testes de covid-19 por dia"},"content":{"rendered":"\n<p>O secret\u00e1rio de Vigil\u00e2ncia em Sa\u00fade, Wanderson Kleber de Oliveira, disse&nbsp;hoje&nbsp;(11) que o Brasil poder\u00e1 realizar entre 30 mil e 50 mil testes, por dia, para diagnosticar a covid-19. Atualmente s\u00e3o feitos cerca de 4 mil testes por dia.<\/p>\n\n\n\n<p>\u201cEstamos fazendo o m\u00e1ximo poss\u00edvel de acordo com a disponibilidade de insumos neste momento e de acordo com realidade do Brasil\u201d, disse em entrevista coletiva para apresentar o Boletim Epidemiol\u00f3gico Di\u00e1rio.<\/p>\n\n\n\n<p><strong>Confira a entrevista coletiva:<\/strong><\/p>\n\n\n\n<figure><iframe allowfullscreen=\"true\" height=\"315\" data-src=\"https:\/\/www.facebook.com\/plugins\/video.php?href=https%3A%2F%2Fwww.facebook.com%2Fagenciabrasil.ebc%2Fvideos%2F2644908719129608%2F&amp;show_text=0&amp;width=560\" width=\"560\" src=\"data:image\/svg+xml;base64,PHN2ZyB3aWR0aD0iMSIgaGVpZ2h0PSIxIiB4bWxucz0iaHR0cDovL3d3dy53My5vcmcvMjAwMC9zdmciPjwvc3ZnPg==\" class=\"lazyload\" data-load-mode=\"1\"><\/iframe><\/figure>\n\n\n\n<p>Segundo ele, n\u00e3o ser\u00e1 poss\u00edvel fazer o teste em todas as pessoas, mas ser\u00e1 feito em quantidade suficiente para analisar a propaga\u00e7\u00e3o da doen\u00e7a. \u201cTeremos testes em quantidade suficiente para realizarmos a avalia\u00e7\u00e3o do cen\u00e1rio epidemiol\u00f3gico. N\u00e3o teremos testes para todas as pessoas. Os testes s\u00e3o para conhecer a epidemia e para algumas regi\u00f5es do pa\u00eds para que a gente possa tomar a decis\u00e3o baseada na evidencia mais robusta poss\u00edvel\u201d, disse Wanderson.<\/p>\n\n\n\n<p>O secret\u00e1rio disse ser\u00e3o criados centros de coleta, onde as pessoas com sintomas leves far\u00e3o os testes e receber\u00e3o o resultado pelo celular em at\u00e9 36 horas. \u201cAinda n\u00e3o implementamos porque esperando as m\u00e1quinas serem instaladas no parceiro privado que ganhar a concorr\u00eancia. Estamos trabalhando para que isso seja o mais breve poss\u00edvel. Devemos iniciar o piloto em Curitiba e no Rio&nbsp;de Janeiro, com as m\u00e1quinas da Funda\u00e7\u00e3o Oswaldo Cruz. Estamos em parceria com o Instituto Butantan para o estado de S\u00e3o Paulo\u201d, disse.<\/p>\n\n\n\n<figure class=\"wp-block-image\"><a href=\"https:\/\/agenciabrasil.ebc.com.br\/atom\/161920\"><img decoding=\"async\" data-src=\"https:\/\/agenciabrasil.ebc.com.br\/sites\/default\/files\/thumbnails\/image\/covid-19_boletim_saude_0411201943.jpg\" alt=\"\" src=\"data:image\/svg+xml;base64,PHN2ZyB3aWR0aD0iMSIgaGVpZ2h0PSIxIiB4bWxucz0iaHR0cDovL3d3dy53My5vcmcvMjAwMC9zdmciPjwvc3ZnPg==\" class=\"lazyload\" \/><\/a><\/figure>\n\n\n\n<h6 class=\"wp-block-heading\">O secret\u00e1rio &#8211; executivo do Minist\u00e9rio da Sa\u00fade, Jo\u00e3o Gabbardo dos Reis, durante a divulga\u00e7\u00e3o do boletim t\u00e9cnico do Minist\u00e9rio da Sa\u00fade e a atualiza\u00e7\u00e3o das a\u00e7\u00f5es de enfrentamento ao Coronav\u00edrus. &#8211;&nbsp;<strong>Marcello Casal JrAg\u00eancia Brasil<\/strong><\/h6>\n\n\n\n<h2 class=\"wp-block-heading\">Casos<\/h2>\n\n\n\n<p>O Brasil registou&nbsp;at\u00e9 este&nbsp;s\u00e1bado (11) 1.124 mortes em decorr\u00eancia do novo coronav\u00edrus (covid-19) e 20.727 casos confirmados da doen\u00e7a, segundo balan\u00e7o divulgado nesta tarde pelo Minist\u00e9rio da Sa\u00fade.<\/p>\n\n\n\n<p>Segundo balan\u00e7o de ontem (10), havia1.056 mortes pela doen\u00e7a. A taxa de letalidade do v\u00edrus no Brasil hoje \u00e9 de&nbsp;5,4%, a mesma de sexta-feira. O estado de S\u00e3o Paulo ainda concentra o maior n\u00famero de casos (8.419) e de mortes (560).<\/p>\n\n\n\n<p>Dentre as a\u00e7\u00f5es promovidas pelo nos \u00faltimos dias para combate \u00e0 doen\u00e7a, destaca-se a libera\u00e7\u00e3o de mais R$ 4 bilh\u00f5es a estados e munic\u00edpios. O valor \u00e9 adicional ao que j\u00e1 recebem para custeio de a\u00e7\u00f5es e servi\u00e7os relacionados \u00e0 sa\u00fade e pode ser utilizado para compra de materiais e insumos, para a abertura de novos leitos e para custeio de profissionais.<\/p>\n\n\n\n<p>O recurso corresponde a uma parcela mensal extra do que cada estado ou munic\u00edpio j\u00e1 recebe para a\u00e7\u00f5es de m\u00e9dia e alta complexidade ou aten\u00e7\u00e3o prim\u00e1ria.<\/p>\n","protected":false},"excerpt":{"rendered":"<p>O secret\u00e1rio de Vigil\u00e2ncia em Sa\u00fade, Wanderson Kleber de Oliveira, disse&nbsp;hoje&nbsp;(11) que o Brasil poder\u00e1 realizar entre 30 mil e 50 mil testes, por dia,&hellip; <\/p>\n","protected":false},"author":2,"featured_media":163454,"comment_status":"closed","ping_status":"closed","sticky":false,"template":"","format":"standard","meta":{"sfsi_plus_gutenberg_text_before_share":"","sfsi_plus_gutenberg_show_text_before_share":"","sfsi_plus_gutenberg_icon_type":"","sfsi_plus_gutenberg_icon_alignemt":"","sfsi_plus_gutenburg_max_per_row":"","footnotes":""},"categories":[2],"tags":[],"class_list":["post-163453","post","type-post","status-publish","format-standard","has-post-thumbnail","hentry","category-geral"],"_links":{"self":[{"href":"https:\/\/www.caririemacao.com\/1\/wp-json\/wp\/v2\/posts\/163453","targetHints":{"allow":["GET"]}}],"collection":[{"href":"https:\/\/www.caririemacao.com\/1\/wp-json\/wp\/v2\/posts"}],"about":[{"href":"https:\/\/www.caririemacao.com\/1\/wp-json\/wp\/v2\/types\/post"}],"author":[{"embeddable":true,"href":"https:\/\/www.caririemacao.com\/1\/wp-json\/wp\/v2\/users\/2"}],"replies":[{"embeddable":true,"href":"https:\/\/www.caririemacao.com\/1\/wp-json\/wp\/v2\/comments?post=163453"}],"version-history":[{"count":1,"href":"https:\/\/www.caririemacao.com\/1\/wp-json\/wp\/v2\/posts\/163453\/revisions"}],"predecessor-version":[{"id":163455,"href":"https:\/\/www.caririemacao.com\/1\/wp-json\/wp\/v2\/posts\/163453\/revisions\/163455"}],"wp:featuredmedia":[{"embeddable":true,"href":"https:\/\/www.caririemacao.com\/1\/wp-json\/wp\/v2\/media\/163454"}],"wp:attachment":[{"href":"https:\/\/www.caririemacao.com\/1\/wp-json\/wp\/v2\/media?parent=163453"}],"wp:term":[{"taxonomy":"category","embeddable":true,"href":"https:\/\/www.caririemacao.com\/1\/wp-json\/wp\/v2\/categories?post=163453"},{"taxonomy":"post_tag","embeddable":true,"href":"https:\/\/www.caririemacao.com\/1\/wp-json\/wp\/v2\/tags?post=163453"}],"curies":[{"name":"wp","href":"https:\/\/api.w.org\/{rel}","templated":true}]}}