{"id":163463,"date":"2020-04-12T12:18:16","date_gmt":"2020-04-12T15:18:16","guid":{"rendered":"http:\/\/www.caririemacao.com\/1\/?p=163463"},"modified":"2020-04-12T12:18:17","modified_gmt":"2020-04-12T15:18:17","slug":"flavio-jose-doara-mais-de-r-90-mil-arrecadados-na-live-para-o-combate-ao-coronavirus","status":"publish","type":"post","link":"https:\/\/www.caririemacao.com\/1\/2020\/04\/12\/flavio-jose-doara-mais-de-r-90-mil-arrecadados-na-live-para-o-combate-ao-coronavirus\/","title":{"rendered":"Fl\u00e1vio Jos\u00e9 doar\u00e1 mais de R$ 90 mil arrecadados na live para o combate ao coronav\u00edrus"},"content":{"rendered":"\n<p>O m\u00fasico paraibano Fl\u00e1vio Jos\u00e9 realizou uma transmiss\u00e3o ao vivo no YouTube neste s\u00e1bado (11) com mais de tr\u00eas horas de show. O cantor tocou sucessos da carreira e convidou a filha Lara Am\u00e9lia e o acordeonista Pablo Brandoni para participarem da apresenta\u00e7\u00e3o que chegou a atingir quase 700 mil acessos. Veja a live de Fl\u00e1vio Jos\u00e9 no YouTube.<\/p>\n\n\n\n<p>Durante a live, o cantor monteirense disponibilizou um c\u00f3digo QR que direcionava para um link que estava arrecadando dinheiro para ser revertido em cestas b\u00e1sicas, respiradores e materiais hospitalares que ser\u00e3o doados para ajudar no combate ao novo coronav\u00edrus. At\u00e9 as 21h, a vaquinha virtual j\u00e1 tinha arrecadado mais de R$ 90 mil, superando a meta de R$ 50 mil.<\/p>\n\n\n\n<p>A primeira can\u00e7\u00e3o transmitida pelo artista foi \u201cFilosofia\u201d. Logo depois, o cantor iniciou um bloco de xote com a can\u00e7\u00e3o \u201cSem Ferrolho e Sem Tramela\u201d, de Juarez Santiago, que, embalada com o acordeon, fez sucesso na voz de Fl\u00e1vio Jos\u00e9. Depois ele cantou \u201cRiacho do Navio\u201d e \u201cRespeita Janu\u00e1rio\u201d, de Luiz Gonzaga. E finalizou o bloco com \u201cSeu Olhar N\u00e3o Mente\u201d, de Ilmar Cavalcante e Nanado Alves.<\/p>\n\n\n\n<p>A live tamb\u00e9m contou com a presen\u00e7a virtual do governador da Bahia, Rui Costa, que falou sobre a import\u00e2ncia do isolamento social como preven\u00e7\u00e3o do cont\u00e1gio \u00e0 Covid-19.<\/p>\n\n\n\n<p>Ao final da apresenta\u00e7\u00e3o, o m\u00fasico convidou a filha, que tamb\u00e9m \u00e9 cantora, Lara Am\u00e9lia, e o acordeonista Pablo Brandoni para tocarem as m\u00fasicas \u201cChama\u201d, de Tato Dezinho, e \u201cEspumas ao Vento\u201d, de Accioly Neto.<\/p>\n","protected":false},"excerpt":{"rendered":"<p>O m\u00fasico paraibano Fl\u00e1vio Jos\u00e9 realizou uma transmiss\u00e3o ao vivo no YouTube neste s\u00e1bado (11) com mais de tr\u00eas horas de show. O cantor tocou&hellip; <\/p>\n","protected":false},"author":2,"featured_media":163464,"comment_status":"closed","ping_status":"closed","sticky":false,"template":"","format":"standard","meta":{"sfsi_plus_gutenberg_text_before_share":"","sfsi_plus_gutenberg_show_text_before_share":"","sfsi_plus_gutenberg_icon_type":"","sfsi_plus_gutenberg_icon_alignemt":"","sfsi_plus_gutenburg_max_per_row":"","footnotes":""},"categories":[6],"tags":[],"class_list":["post-163463","post","type-post","status-publish","format-standard","has-post-thumbnail","hentry","category-cidades"],"_links":{"self":[{"href":"https:\/\/www.caririemacao.com\/1\/wp-json\/wp\/v2\/posts\/163463","targetHints":{"allow":["GET"]}}],"collection":[{"href":"https:\/\/www.caririemacao.com\/1\/wp-json\/wp\/v2\/posts"}],"about":[{"href":"https:\/\/www.caririemacao.com\/1\/wp-json\/wp\/v2\/types\/post"}],"author":[{"embeddable":true,"href":"https:\/\/www.caririemacao.com\/1\/wp-json\/wp\/v2\/users\/2"}],"replies":[{"embeddable":true,"href":"https:\/\/www.caririemacao.com\/1\/wp-json\/wp\/v2\/comments?post=163463"}],"version-history":[{"count":1,"href":"https:\/\/www.caririemacao.com\/1\/wp-json\/wp\/v2\/posts\/163463\/revisions"}],"predecessor-version":[{"id":163465,"href":"https:\/\/www.caririemacao.com\/1\/wp-json\/wp\/v2\/posts\/163463\/revisions\/163465"}],"wp:featuredmedia":[{"embeddable":true,"href":"https:\/\/www.caririemacao.com\/1\/wp-json\/wp\/v2\/media\/163464"}],"wp:attachment":[{"href":"https:\/\/www.caririemacao.com\/1\/wp-json\/wp\/v2\/media?parent=163463"}],"wp:term":[{"taxonomy":"category","embeddable":true,"href":"https:\/\/www.caririemacao.com\/1\/wp-json\/wp\/v2\/categories?post=163463"},{"taxonomy":"post_tag","embeddable":true,"href":"https:\/\/www.caririemacao.com\/1\/wp-json\/wp\/v2\/tags?post=163463"}],"curies":[{"name":"wp","href":"https:\/\/api.w.org\/{rel}","templated":true}]}}