{"id":163470,"date":"2020-04-12T13:37:27","date_gmt":"2020-04-12T16:37:27","guid":{"rendered":"http:\/\/www.caririemacao.com\/1\/?p=163470"},"modified":"2020-04-12T13:37:29","modified_gmt":"2020-04-12T16:37:29","slug":"paraiba-zera-fila-de-analise-de-amostras-viaveis-para-coronavirus","status":"publish","type":"post","link":"https:\/\/www.caririemacao.com\/1\/2020\/04\/12\/paraiba-zera-fila-de-analise-de-amostras-viaveis-para-coronavirus\/","title":{"rendered":"Para\u00edba zera fila de an\u00e1lise de amostras vi\u00e1veis para coronav\u00edrus"},"content":{"rendered":"\n<p>A Para\u00edba zerou a fila de an\u00e1lise de amostras vi\u00e1veis de investiga\u00e7\u00e3o da Covid-19, no Laborat\u00f3rio Central de Sa\u00fade P\u00fablica (Lacen-PB), ligado \u00e0 Secretaria de Estado da Sa\u00fade. A partir desta segunda-feira (13), o resultado dos exames acompanha o movimento da curva ascendente da doen\u00e7a, em tempo oportuno. Amostra vi\u00e1vel \u00e9 aquela coletada corretamente, no tempo certo e com a quantidade exigida.<\/p>\n\n\n\n<p>Com isso, de acordo com o boletim divulgado pela Secretaria de Estado da Sa\u00fade (SES), nesse s\u00e1bado (11), a Para\u00edba superou a marca de 100 casos confirmados (101); 832 descartados; 13 \u00f3bitos e 43 casos recuperados.<\/p>\n\n\n\n<p>\u201cA SES agradece o empenho de todos os servidores do Lacen-PB. O nosso esfor\u00e7o para que os exames passassem a ser realizados aqui na Para\u00edba n\u00e3o foi em v\u00e3o. O trabalho incans\u00e1vel dessas equipes deu maior rapidez nos resultados dos exames de coronav\u00edrus\u201d, observou o secret\u00e1rio de Estado da Sa\u00fade, Geraldo Medeiros, que refor\u00e7ou a orienta\u00e7\u00e3o para que a pessoa fique em casa, quebrando a cadeia de transmiss\u00e3o do v\u00edrus.<\/p>\n\n\n\n<p>Para os casos leves, o governo j\u00e1 adquiriu 200 mil testes e aguarda a chegada para divulgar os detalhes.<\/p>\n\n\n\n<p>O diretor geral, do Lacen-PB, Bergson Vasconcelos, lembrou que, no ano de 2016, na emerg\u00eancia da microcefalia, relacionada ao zika v\u00edrus, o Lacen-PB enviava as amostras para o Instituto Evandro Chagas (IEC), no Par\u00e1 e, agora, com o coronav\u00edrus, a realidade mudou, pois, os exames que, tamb\u00e9m estavam sendo realizados no IEC, passaram a ser feitos no Lacen-PB.<\/p>\n\n\n\n<p>Explicou que, zerando as amostras vi\u00e1veis, foi criada uma rotina capaz de acompanhar a curva ascendente da doen\u00e7a.<\/p>\n\n\n\n<p>\u201cHoje, o Lacen-PB consegue fazer 120 exames, por dia. H\u00e1 estados com uma fila enorme. Esta semana, provavelmente, teremos muitas amostras porque o adoecimento come\u00e7a a acontecer. Agora \u00e9 que a gente inicia a fazer teste de doentes e, com isso, haver\u00e1 uma detec\u00e7\u00e3o maior, at\u00e9 porque estamos na ascend\u00eancia da covid-19\u201d, concluiu Bergson.<\/p>\n","protected":false},"excerpt":{"rendered":"<p>A Para\u00edba zerou a fila de an\u00e1lise de amostras vi\u00e1veis de investiga\u00e7\u00e3o da Covid-19, no Laborat\u00f3rio Central de Sa\u00fade P\u00fablica (Lacen-PB), ligado \u00e0 Secretaria de&hellip; <\/p>\n","protected":false},"author":2,"featured_media":163471,"comment_status":"closed","ping_status":"closed","sticky":false,"template":"","format":"standard","meta":{"sfsi_plus_gutenberg_text_before_share":"","sfsi_plus_gutenberg_show_text_before_share":"","sfsi_plus_gutenberg_icon_type":"","sfsi_plus_gutenberg_icon_alignemt":"","sfsi_plus_gutenburg_max_per_row":"","footnotes":""},"categories":[16],"tags":[],"class_list":["post-163470","post","type-post","status-publish","format-standard","has-post-thumbnail","hentry","category-saude"],"_links":{"self":[{"href":"https:\/\/www.caririemacao.com\/1\/wp-json\/wp\/v2\/posts\/163470","targetHints":{"allow":["GET"]}}],"collection":[{"href":"https:\/\/www.caririemacao.com\/1\/wp-json\/wp\/v2\/posts"}],"about":[{"href":"https:\/\/www.caririemacao.com\/1\/wp-json\/wp\/v2\/types\/post"}],"author":[{"embeddable":true,"href":"https:\/\/www.caririemacao.com\/1\/wp-json\/wp\/v2\/users\/2"}],"replies":[{"embeddable":true,"href":"https:\/\/www.caririemacao.com\/1\/wp-json\/wp\/v2\/comments?post=163470"}],"version-history":[{"count":1,"href":"https:\/\/www.caririemacao.com\/1\/wp-json\/wp\/v2\/posts\/163470\/revisions"}],"predecessor-version":[{"id":163472,"href":"https:\/\/www.caririemacao.com\/1\/wp-json\/wp\/v2\/posts\/163470\/revisions\/163472"}],"wp:featuredmedia":[{"embeddable":true,"href":"https:\/\/www.caririemacao.com\/1\/wp-json\/wp\/v2\/media\/163471"}],"wp:attachment":[{"href":"https:\/\/www.caririemacao.com\/1\/wp-json\/wp\/v2\/media?parent=163470"}],"wp:term":[{"taxonomy":"category","embeddable":true,"href":"https:\/\/www.caririemacao.com\/1\/wp-json\/wp\/v2\/categories?post=163470"},{"taxonomy":"post_tag","embeddable":true,"href":"https:\/\/www.caririemacao.com\/1\/wp-json\/wp\/v2\/tags?post=163470"}],"curies":[{"name":"wp","href":"https:\/\/api.w.org\/{rel}","templated":true}]}}