{"id":163480,"date":"2020-04-12T14:06:48","date_gmt":"2020-04-12T17:06:48","guid":{"rendered":"http:\/\/www.caririemacao.com\/1\/?p=163480"},"modified":"2020-04-12T14:06:49","modified_gmt":"2020-04-12T17:06:49","slug":"o-ministerio-da-saude-orienta-populacao-a-fazer-mascara-caseira-veja-dicas","status":"publish","type":"post","link":"https:\/\/www.caririemacao.com\/1\/2020\/04\/12\/o-ministerio-da-saude-orienta-populacao-a-fazer-mascara-caseira-veja-dicas\/","title":{"rendered":"O Minist\u00e9rio da Sa\u00fade orienta popula\u00e7\u00e3o a fazer m\u00e1scara caseira; veja dicas"},"content":{"rendered":"\n<p>Com o objetivo de ajudar no combate \u00e0 dissemina\u00e7\u00e3o do\u00a0<strong>coronav\u00edrus<\/strong>\u00a0(causador da covid-19) no Brasil, o\u00a0<strong>Minist\u00e9rio da Sa\u00fade<\/strong>\u00a0vem incentivando o uso de m\u00e1scaras caseiras, uma vez que h\u00e1 uma falta desse produto em todo o mundo.<\/p>\n\n\n\n<p>Mas para que o uso seja eficiente, s\u00e3o necess\u00e1rios alguns cuidados. Por isso a pasta publicou, nesta quinta-feira, um manual de como fazer sua m\u00e1scara em casa. O objetivo \u00e9 que novas produ\u00e7\u00f5es da mercadoria sejam direcionados aos profissionais de sa\u00fade.<\/p>\n\n\n\n<p>Segundo o ministro da Sa\u00fade,\u00a0<strong>Luiz Henrique Mandetta<\/strong>, este tipo de item \u00e9 indicado em viroses com transmiss\u00e3o por got\u00edculas de saliva, como \u00e9 o caso do coronav\u00edrus. \u201c\u201cVoc\u00ea pode fazer uma m\u00e1scara \u2018barreira\u2019 usando um tecido grosso, com duas faces. N\u00e3o precisa de especifica\u00e7\u00f5es t\u00e9cnicas. Ela faz uma barreira t\u00e3o boa quanto as outras m\u00e1scaras\u201d, diz.<\/p>\n\n\n\n<p>No manual, o Minist\u00e9rio da Sa\u00fade orienta que a m\u00e1scara deve ter pelo menos duas camadas de pano, al\u00e9m de ser de uso individual. Os tecidos podem ser de algod\u00e3o, tricoline, TNT ou outros tecidos, desde que desenhadas e higienizadas corretamente.<\/p>\n\n\n\n<p>\u201cO importante \u00e9 que a m\u00e1scara seja feita nas medidas corretas cobrindo totalmente a boca e nariz e que estejam bem ajustadas ao rosto, sem deixar espa\u00e7os nas laterais\u201d, diz o manual.<\/p>\n\n\n\n<p>Para a lavagem, \u00e9 recomendado sab\u00e3o ou \u00e1gua sanit\u00e1ria, deixando de molho por cerca de 20 minutos.&nbsp;<\/p>\n\n\n\n<p><strong>Veja as orienta\u00e7\u00f5es do Minist\u00e9rio da Sa\u00fade<\/strong><\/p>\n\n\n\n<ul class=\"wp-block-list\"><li>Em primeiro lugar, \u00e9 preciso dizer que a m\u00e1scara \u00e9 individual. N\u00e3o pode ser dividida com ningu\u00e9m, nem com m\u00e3e, filho, irm\u00e3o, marido, esposa etc. Ent\u00e3o se a sua fam\u00edlia \u00e9 grande, saiba que cada um tem que ter a sua m\u00e1scara, ou m\u00e1scaras;<\/li><li>A m\u00e1scara deve ser usada por cerca de duas horas. Depois desse tempo, \u00e9 preciso trocar. Ent\u00e3o, o ideal \u00e9 que cada pessoa tenha pelo menos duas m\u00e1scaras de pano;<\/li><li>Mas aten\u00e7\u00e3o: a m\u00e1scara serve de barreira f\u00edsica ao v\u00edrus. Por isso, \u00e9 preciso que ela tenha pelo menos duas camadas de pano, ou seja, dupla face;<\/li><li>Tamb\u00e9m \u00e9 importante ter el\u00e1sticos ou tiras para amarrar acima das orelhas e abaixo da nuca. Desse jeito, o pano estar\u00e1 sempre protegendo a boca e o nariz e n\u00e3o restar\u00e3o espa\u00e7os no rosto;<\/li><li>Use a m\u00e1scara sempre que precisar sair de casa. Saia sempre com pelo menos uma reserva e leve uma sacola para guardar a m\u00e1scara suja, quando precisar trocar;<\/li><li>Chegando em casa, lave as m\u00e1scaras usadas com \u00e1gua sanit\u00e1ria. Deixe de molho por cerca de dez minutos;<\/li><li>Para cumprir essa miss\u00e3o de prote\u00e7\u00e3o contra o coronav\u00edrus, serve qualquer peda\u00e7o de tecido, vale desmanchar aquela camisa velha, cal\u00e7a antiga, cueca, cortina, o que for.<\/li><\/ul>\n\n\n\n<p><a href=\"https:\/\/abrilexame.files.wordpress.com\/2020\/04\/camisa.jpg?quality=70&amp;strip=info&amp;strip=info\"><\/a><\/p>\n","protected":false},"excerpt":{"rendered":"<p>Com o objetivo de ajudar no combate \u00e0 dissemina\u00e7\u00e3o do\u00a0coronav\u00edrus\u00a0(causador da covid-19) no Brasil, o\u00a0Minist\u00e9rio da Sa\u00fade\u00a0vem incentivando o uso de m\u00e1scaras caseiras, uma vez&hellip; <\/p>\n","protected":false},"author":2,"featured_media":163481,"comment_status":"closed","ping_status":"closed","sticky":false,"template":"","format":"standard","meta":{"sfsi_plus_gutenberg_text_before_share":"","sfsi_plus_gutenberg_show_text_before_share":"","sfsi_plus_gutenberg_icon_type":"","sfsi_plus_gutenberg_icon_alignemt":"","sfsi_plus_gutenburg_max_per_row":"","footnotes":""},"categories":[16],"tags":[],"class_list":["post-163480","post","type-post","status-publish","format-standard","has-post-thumbnail","hentry","category-saude"],"_links":{"self":[{"href":"https:\/\/www.caririemacao.com\/1\/wp-json\/wp\/v2\/posts\/163480","targetHints":{"allow":["GET"]}}],"collection":[{"href":"https:\/\/www.caririemacao.com\/1\/wp-json\/wp\/v2\/posts"}],"about":[{"href":"https:\/\/www.caririemacao.com\/1\/wp-json\/wp\/v2\/types\/post"}],"author":[{"embeddable":true,"href":"https:\/\/www.caririemacao.com\/1\/wp-json\/wp\/v2\/users\/2"}],"replies":[{"embeddable":true,"href":"https:\/\/www.caririemacao.com\/1\/wp-json\/wp\/v2\/comments?post=163480"}],"version-history":[{"count":1,"href":"https:\/\/www.caririemacao.com\/1\/wp-json\/wp\/v2\/posts\/163480\/revisions"}],"predecessor-version":[{"id":163482,"href":"https:\/\/www.caririemacao.com\/1\/wp-json\/wp\/v2\/posts\/163480\/revisions\/163482"}],"wp:featuredmedia":[{"embeddable":true,"href":"https:\/\/www.caririemacao.com\/1\/wp-json\/wp\/v2\/media\/163481"}],"wp:attachment":[{"href":"https:\/\/www.caririemacao.com\/1\/wp-json\/wp\/v2\/media?parent=163480"}],"wp:term":[{"taxonomy":"category","embeddable":true,"href":"https:\/\/www.caririemacao.com\/1\/wp-json\/wp\/v2\/categories?post=163480"},{"taxonomy":"post_tag","embeddable":true,"href":"https:\/\/www.caririemacao.com\/1\/wp-json\/wp\/v2\/tags?post=163480"}],"curies":[{"name":"wp","href":"https:\/\/api.w.org\/{rel}","templated":true}]}}