{"id":163507,"date":"2020-04-13T06:39:11","date_gmt":"2020-04-13T09:39:11","guid":{"rendered":"http:\/\/www.caririemacao.com\/1\/?p=163507"},"modified":"2020-04-13T06:39:13","modified_gmt":"2020-04-13T09:39:13","slug":"brasil-podera-realizar-ate-50-mil-testes-de-covid-19-por-dia-2","status":"publish","type":"post","link":"https:\/\/www.caririemacao.com\/1\/2020\/04\/13\/brasil-podera-realizar-ate-50-mil-testes-de-covid-19-por-dia-2\/","title":{"rendered":"Brasil poder\u00e1 realizar at\u00e9 50 mil testes de covid-19 por dia"},"content":{"rendered":"\n<p>O secret\u00e1rio de Vigil\u00e2ncia em Sa\u00fade, Wanderson Kleber de Oliveira, disse hoje (11) que o Brasil poder\u00e1 realizar entre 30 mil e 50 mil testes, por dia, para diagnosticar a covid-19. Atualmente s\u00e3o feitos cerca de 4 mil testes por dia.<\/p>\n\n\n\n<p>\u201cEstamos fazendo o m\u00e1ximo poss\u00edvel de acordo com a disponibilidade de insumos neste momento e de acordo com realidade do Brasil\u201d, disse em entrevista coletiva para apresentar o Boletim Epidemiol\u00f3gico Di\u00e1rio.<\/p>\n\n\n\n<p>Segundo ele, n\u00e3o ser\u00e1 poss\u00edvel fazer o teste em todas as pessoas, mas ser\u00e1 feito em quantidade suficiente para analisar a propaga\u00e7\u00e3o da doen\u00e7a. \u201cTeremos testes em quantidade suficiente para realizarmos a avalia\u00e7\u00e3o do cen\u00e1rio epidemiol\u00f3gico. N\u00e3o teremos testes para todas as pessoas. Os testes s\u00e3o para conhecer a epidemia e para algumas regi\u00f5es do pa\u00eds para que a gente possa tomar a decis\u00e3o baseada na evidencia mais robusta poss\u00edvel\u201d, disse Wanderson.<br><\/p>\n\n\n\n<p>O secret\u00e1rio disse ser\u00e3o criados centros de coleta, onde as pessoas com sintomas leves far\u00e3o os testes e receber\u00e3o o resultado pelo celular em at\u00e9 36 horas. \u201cAinda n\u00e3o implementamos porque esperando as m\u00e1quinas serem instaladas no parceiro privado que ganhar a concorr\u00eancia. Estamos trabalhando para que isso seja o mais breve poss\u00edvel. Devemos iniciar o piloto em Curitiba e no Rio de Janeiro, com as m\u00e1quinas da Funda\u00e7\u00e3o Oswaldo Cruz. Estamos em parceria com o Instituto Butantan para o estado de S\u00e3o Paulo\u201d, disse.<\/p>\n\n\n\n<p>Casos<br><\/p>\n\n\n\n<p>O Brasil registou at\u00e9 este s\u00e1bado (11) 1.124 mortes em decorr\u00eancia do novo coronav\u00edrus (covid-19) e 20.727 casos confirmados da doen\u00e7a, segundo balan\u00e7o divulgado nesta tarde pelo Minist\u00e9rio da Sa\u00fade.<\/p>\n\n\n\n<p>Segundo balan\u00e7o de ontem (10), havia1.056 mortes pela doen\u00e7a. A taxa de letalidade do v\u00edrus no Brasil hoje \u00e9 de 5,4%, a mesma de sexta-feira. O estado de S\u00e3o Paulo ainda concentra o maior n\u00famero de casos (8.419) e de mortes (560).<\/p>\n\n\n\n<p>Dentre as a\u00e7\u00f5es promovidas pelo nos \u00faltimos dias para combate \u00e0 doen\u00e7a, destaca-se a libera\u00e7\u00e3o de mais R$ 4 bilh\u00f5es a estados e munic\u00edpios. O valor \u00e9 adicional ao que j\u00e1 recebem para custeio de a\u00e7\u00f5es e servi\u00e7os relacionados \u00e0 sa\u00fade e pode ser utilizado para compra de materiais e insumos, para a abertura de novos leitos e para custeio de profissionais.<\/p>\n\n\n\n<p>O recurso corresponde a uma parcela mensal extra do que cada estado ou munic\u00edpio j\u00e1 recebe para a\u00e7\u00f5es de m\u00e9dia e alta complexidade ou aten\u00e7\u00e3o prim\u00e1ria.<\/p>\n","protected":false},"excerpt":{"rendered":"<p>O secret\u00e1rio de Vigil\u00e2ncia em Sa\u00fade, Wanderson Kleber de Oliveira, disse hoje (11) que o Brasil poder\u00e1 realizar entre 30 mil e 50 mil testes,&hellip; <\/p>\n","protected":false},"author":2,"featured_media":163508,"comment_status":"closed","ping_status":"closed","sticky":false,"template":"","format":"standard","meta":{"sfsi_plus_gutenberg_text_before_share":"","sfsi_plus_gutenberg_show_text_before_share":"","sfsi_plus_gutenberg_icon_type":"","sfsi_plus_gutenberg_icon_alignemt":"","sfsi_plus_gutenburg_max_per_row":"","footnotes":""},"categories":[2],"tags":[],"class_list":["post-163507","post","type-post","status-publish","format-standard","has-post-thumbnail","hentry","category-geral"],"_links":{"self":[{"href":"https:\/\/www.caririemacao.com\/1\/wp-json\/wp\/v2\/posts\/163507","targetHints":{"allow":["GET"]}}],"collection":[{"href":"https:\/\/www.caririemacao.com\/1\/wp-json\/wp\/v2\/posts"}],"about":[{"href":"https:\/\/www.caririemacao.com\/1\/wp-json\/wp\/v2\/types\/post"}],"author":[{"embeddable":true,"href":"https:\/\/www.caririemacao.com\/1\/wp-json\/wp\/v2\/users\/2"}],"replies":[{"embeddable":true,"href":"https:\/\/www.caririemacao.com\/1\/wp-json\/wp\/v2\/comments?post=163507"}],"version-history":[{"count":1,"href":"https:\/\/www.caririemacao.com\/1\/wp-json\/wp\/v2\/posts\/163507\/revisions"}],"predecessor-version":[{"id":163509,"href":"https:\/\/www.caririemacao.com\/1\/wp-json\/wp\/v2\/posts\/163507\/revisions\/163509"}],"wp:featuredmedia":[{"embeddable":true,"href":"https:\/\/www.caririemacao.com\/1\/wp-json\/wp\/v2\/media\/163508"}],"wp:attachment":[{"href":"https:\/\/www.caririemacao.com\/1\/wp-json\/wp\/v2\/media?parent=163507"}],"wp:term":[{"taxonomy":"category","embeddable":true,"href":"https:\/\/www.caririemacao.com\/1\/wp-json\/wp\/v2\/categories?post=163507"},{"taxonomy":"post_tag","embeddable":true,"href":"https:\/\/www.caririemacao.com\/1\/wp-json\/wp\/v2\/tags?post=163507"}],"curies":[{"name":"wp","href":"https:\/\/api.w.org\/{rel}","templated":true}]}}