{"id":163517,"date":"2020-04-13T06:57:03","date_gmt":"2020-04-13T09:57:03","guid":{"rendered":"http:\/\/www.caririemacao.com\/1\/?p=163517"},"modified":"2020-04-13T06:57:11","modified_gmt":"2020-04-13T09:57:11","slug":"prefeitos-utilizam-video-de-guedes-para-cobrar-promessa-de-repasses","status":"publish","type":"post","link":"https:\/\/www.caririemacao.com\/1\/2020\/04\/13\/prefeitos-utilizam-video-de-guedes-para-cobrar-promessa-de-repasses\/","title":{"rendered":"Prefeitos utilizam v\u00eddeo de Guedes para cobrar promessa de repasses"},"content":{"rendered":"\n<p>&nbsp;Circula entre membros da Frente Nacional dos Prefeitos trecho da teleconfer\u00eancia do ministro Paulo Guedes, gravada no \u00faltimo dia 29, comprometendo-se em cobrir perdas de arrecada\u00e7\u00e3o de munic\u00edpios. Os prefeitos dizem acreditar que os t\u00e9cnicos da Economia agem por conta pr\u00f3pria quando resistem em ressarcir as prefeituras.<\/p>\n\n\n\n<p>No v\u00eddeo, \u00e9 poss\u00edvel ouvir Guedes dizendo que compensar as perdas de arrecada\u00e7\u00e3o \u00e9 o plano do governo. Ele menciona os fundos de participa\u00e7\u00e3o de estados e munic\u00edpios, que beneficiam as cidades menores, mas em seguida acrescenta: \u201cVamos pegar as capitais, onde tem 80% dos casos, e vamos fazer um aporte extra\u201d.<\/p>\n\n\n\n<p>Segundo relatos feitos por senadores, no entanto, em teleconfer\u00eancia na \u00faltima quinta (9), o ministro fez cr\u00edticas a projeto prevendo a compensa\u00e7\u00e3o na C\u00e2mara dos Deputados. Guedes teria pedido ajuda dos senadores para derrubar o texto, caso seja aprovado pelos deputados.<\/p>\n\n\n\n<p>Impulsionado por Rodrigo Maia (DEM-RJ), o projeto prev\u00ea ressarcimento de perdas com ICMS e ISS por tr\u00eas meses, al\u00e9m de amplia\u00e7\u00e3o de empr\u00e9stimos a todos os estados, inclusive os que j\u00e1 est\u00e3o em crise, como Rio, Minas e Rio Grande do Sul.<\/p>\n\n\n\n<p>Membros da Economia informaram inicialmente que o socorro sairia caro, ao redor de R$ 180 bilh\u00f5es, o que irritou Maia e o deputado Pedro Paulo (DEM-RJ), relator do projeto, que falavam em despesas de R$ 35 bilh\u00f5es mais empr\u00e9stimos e acusava o minist\u00e9rio de mentir.<\/p>\n\n\n\n<p>Em nota t\u00e9cnica divulgada neste s\u00e1bado, a Economia informou que o valor \u00e9, na verdade, de R$ 105 bilh\u00f5es, ainda assim elevado para ser bancado pelo Uni\u00e3o, que por sua vez deve fechar o ano com deficit de R$ 500 bilh\u00f5es.<\/p>\n","protected":false},"excerpt":{"rendered":"<p>&nbsp;Circula entre membros da Frente Nacional dos Prefeitos trecho da teleconfer\u00eancia do ministro Paulo Guedes, gravada no \u00faltimo dia 29, comprometendo-se em cobrir perdas de&hellip; <\/p>\n","protected":false},"author":2,"featured_media":163518,"comment_status":"closed","ping_status":"closed","sticky":false,"template":"","format":"standard","meta":{"sfsi_plus_gutenberg_text_before_share":"","sfsi_plus_gutenberg_show_text_before_share":"","sfsi_plus_gutenberg_icon_type":"","sfsi_plus_gutenberg_icon_alignemt":"","sfsi_plus_gutenburg_max_per_row":"","footnotes":""},"categories":[2],"tags":[],"class_list":["post-163517","post","type-post","status-publish","format-standard","has-post-thumbnail","hentry","category-geral"],"_links":{"self":[{"href":"https:\/\/www.caririemacao.com\/1\/wp-json\/wp\/v2\/posts\/163517","targetHints":{"allow":["GET"]}}],"collection":[{"href":"https:\/\/www.caririemacao.com\/1\/wp-json\/wp\/v2\/posts"}],"about":[{"href":"https:\/\/www.caririemacao.com\/1\/wp-json\/wp\/v2\/types\/post"}],"author":[{"embeddable":true,"href":"https:\/\/www.caririemacao.com\/1\/wp-json\/wp\/v2\/users\/2"}],"replies":[{"embeddable":true,"href":"https:\/\/www.caririemacao.com\/1\/wp-json\/wp\/v2\/comments?post=163517"}],"version-history":[{"count":1,"href":"https:\/\/www.caririemacao.com\/1\/wp-json\/wp\/v2\/posts\/163517\/revisions"}],"predecessor-version":[{"id":163519,"href":"https:\/\/www.caririemacao.com\/1\/wp-json\/wp\/v2\/posts\/163517\/revisions\/163519"}],"wp:featuredmedia":[{"embeddable":true,"href":"https:\/\/www.caririemacao.com\/1\/wp-json\/wp\/v2\/media\/163518"}],"wp:attachment":[{"href":"https:\/\/www.caririemacao.com\/1\/wp-json\/wp\/v2\/media?parent=163517"}],"wp:term":[{"taxonomy":"category","embeddable":true,"href":"https:\/\/www.caririemacao.com\/1\/wp-json\/wp\/v2\/categories?post=163517"},{"taxonomy":"post_tag","embeddable":true,"href":"https:\/\/www.caririemacao.com\/1\/wp-json\/wp\/v2\/tags?post=163517"}],"curies":[{"name":"wp","href":"https:\/\/api.w.org\/{rel}","templated":true}]}}