{"id":163521,"date":"2020-04-13T06:58:17","date_gmt":"2020-04-13T09:58:17","guid":{"rendered":"http:\/\/www.caririemacao.com\/1\/?p=163521"},"modified":"2020-04-13T06:58:18","modified_gmt":"2020-04-13T09:58:18","slug":"policia-prende-suspeito-de-porte-ilegal-de-arma-de-fogo-durante-operacao-na-paraiba","status":"publish","type":"post","link":"https:\/\/www.caririemacao.com\/1\/2020\/04\/13\/policia-prende-suspeito-de-porte-ilegal-de-arma-de-fogo-durante-operacao-na-paraiba\/","title":{"rendered":"Pol\u00edcia prende suspeito de porte ilegal de arma de fogo durante opera\u00e7\u00e3o na Para\u00edba"},"content":{"rendered":"\n<p>Policiais militares da For\u00e7a T\u00e1tica do 8\u00ba Batalh\u00e3o prenderam, na noite desse s\u00e1bado (11), um homem de 26 anos pelo crime de porte ilegal de arma de fogo e por dire\u00e7\u00e3o perigosa, na cidade de Pilar, na Para\u00edba.&nbsp;<\/p>\n\n\n\n<p>O suspeito, que transitava pelo centro da cidade em uma motocicleta, tentou fugir ao visualizar a viatura policial. Foi iniciada uma persegui\u00e7\u00e3o e o indiv\u00edduo largou a moto e dispensou um rev\u00f3lver calibre 38 com seis muni\u00e7\u00f5es intactas. O homem ainda tentou fugir a p\u00e9, mas foi preso.&nbsp;<\/p>\n\n\n\n<p>Suspeito e arma de fogo foram levados para a Delegacia de Pol\u00edcia Civil de Itabaiana.<br>&nbsp;<br>Opera\u00e7\u00e3o Semana Santa \u2013 Desde a noite de quarta-feira (8), a Pol\u00edcia Militar vem refor\u00e7ando as a\u00e7\u00f5es de seguran\u00e7a por todo estado, para prevenir crimes de roubos, arrombamentos e crimes contra a vida, bem como dar continuidade \u00e0s orienta\u00e7\u00f5es e fiscaliza\u00e7\u00f5es sobre o isolamento social que se faz necess\u00e1rio para combater o avan\u00e7o do novo coronav\u00edrus.<\/p>\n","protected":false},"excerpt":{"rendered":"<p>Policiais militares da For\u00e7a T\u00e1tica do 8\u00ba Batalh\u00e3o prenderam, na noite desse s\u00e1bado (11), um homem de 26 anos pelo crime de porte ilegal de&hellip; <\/p>\n","protected":false},"author":2,"featured_media":163522,"comment_status":"closed","ping_status":"closed","sticky":false,"template":"","format":"standard","meta":{"sfsi_plus_gutenberg_text_before_share":"","sfsi_plus_gutenberg_show_text_before_share":"","sfsi_plus_gutenberg_icon_type":"","sfsi_plus_gutenberg_icon_alignemt":"","sfsi_plus_gutenburg_max_per_row":"","footnotes":""},"categories":[2],"tags":[],"class_list":["post-163521","post","type-post","status-publish","format-standard","has-post-thumbnail","hentry","category-geral"],"_links":{"self":[{"href":"https:\/\/www.caririemacao.com\/1\/wp-json\/wp\/v2\/posts\/163521","targetHints":{"allow":["GET"]}}],"collection":[{"href":"https:\/\/www.caririemacao.com\/1\/wp-json\/wp\/v2\/posts"}],"about":[{"href":"https:\/\/www.caririemacao.com\/1\/wp-json\/wp\/v2\/types\/post"}],"author":[{"embeddable":true,"href":"https:\/\/www.caririemacao.com\/1\/wp-json\/wp\/v2\/users\/2"}],"replies":[{"embeddable":true,"href":"https:\/\/www.caririemacao.com\/1\/wp-json\/wp\/v2\/comments?post=163521"}],"version-history":[{"count":1,"href":"https:\/\/www.caririemacao.com\/1\/wp-json\/wp\/v2\/posts\/163521\/revisions"}],"predecessor-version":[{"id":163523,"href":"https:\/\/www.caririemacao.com\/1\/wp-json\/wp\/v2\/posts\/163521\/revisions\/163523"}],"wp:featuredmedia":[{"embeddable":true,"href":"https:\/\/www.caririemacao.com\/1\/wp-json\/wp\/v2\/media\/163522"}],"wp:attachment":[{"href":"https:\/\/www.caririemacao.com\/1\/wp-json\/wp\/v2\/media?parent=163521"}],"wp:term":[{"taxonomy":"category","embeddable":true,"href":"https:\/\/www.caririemacao.com\/1\/wp-json\/wp\/v2\/categories?post=163521"},{"taxonomy":"post_tag","embeddable":true,"href":"https:\/\/www.caririemacao.com\/1\/wp-json\/wp\/v2\/tags?post=163521"}],"curies":[{"name":"wp","href":"https:\/\/api.w.org\/{rel}","templated":true}]}}