{"id":163525,"date":"2020-04-13T07:01:00","date_gmt":"2020-04-13T10:01:00","guid":{"rendered":"http:\/\/www.caririemacao.com\/1\/?p=163525"},"modified":"2020-04-13T07:01:01","modified_gmt":"2020-04-13T10:01:01","slug":"china-registra-108-novos-casos-de-covid-19-10-de-contagio-local","status":"publish","type":"post","link":"https:\/\/www.caririemacao.com\/1\/2020\/04\/13\/china-registra-108-novos-casos-de-covid-19-10-de-contagio-local\/","title":{"rendered":"China registra 108 novos casos de covid-19, 10 de cont\u00e1gio local"},"content":{"rendered":"\n<p>A China registrou 108 novos casos de infec\u00e7\u00e3o pelo novo coronav\u00edrus, incluindo dez de cont\u00e1gio local, o n\u00famero mais alto desde 28 de mar\u00e7o, informou na \u00faltima noite a Comiss\u00e3o de Sa\u00fade do pa\u00eds.<\/p>\n\n\n\n<p>At\u00e9 a 0h&nbsp;de segunda-feira (hora local) morreram duas pessoas devido \u00e0 covid-19, ambas na cidade de Wuhan, centro da epidemia.<\/p>\n\n\n\n<p>Os dez casos de cont\u00e1gio local ocorreram nas prov\u00edncias de Guangdong, pr\u00f3ximo&nbsp;a Macau, no sul do pa\u00eds, e de Heilongjiang, na fronteira com a R\u00fassia, um novo centro de infec\u00e7\u00e3o na China devido ao fluxo de viajantes entre os dois pa\u00edses vizinhos.<br><br>A cidade de Suifenhe, que fica do lado chin\u00eas da fronteira&nbsp;e se encontra sob quarentena desde quarta-feira passada (8), registrou j\u00e1 cerca de 200 casos confirmados e mais de 100 casos assintom\u00e1ticos, informou a ag\u00eancia de not\u00edcias oficial chinesa Xinhua.<\/p>\n\n\n\n<figure class=\"wp-block-image\"><a href=\"https:\/\/agenciabrasil.ebc.com.br\/atom\/159575\"><img decoding=\"async\" data-src=\"https:\/\/agenciabrasil.ebc.com.br\/sites\/default\/files\/thumbnails\/image\/2020-02-25t185619z_411271080_rc2u7f9q0qv5_rtrmadp_3_china-health-usa.jpg\" alt=\"\" src=\"data:image\/svg+xml;base64,PHN2ZyB3aWR0aD0iMSIgaGVpZ2h0PSIxIiB4bWxucz0iaHR0cDovL3d3dy53My5vcmcvMjAwMC9zdmciPjwvc3ZnPg==\" class=\"lazyload\" \/><\/a><\/figure>\n\n\n\n<p>CHINA-HEALTH\/USA, por Ringo Chiu<\/p>\n\n\n\n<p>A maioria dos casos foi diagnosticada&nbsp;em chineses que moram&nbsp;na R\u00fassia e voaram de Moscou&nbsp;para Vladivostok (leste), entrando na China pelo&nbsp;posto fronteiri\u00e7o em Suifenhe.<\/p>\n\n\n\n<p>As autoridades chinesas destacaram v\u00e1rios m\u00e9dicos e funcion\u00e1rios de sa\u00fade para um hospital de campanha montado na \u00faltima semana em Suifenhe, para tentar conter o surto.<\/p>\n\n\n\n<p>As autoridades proibiram&nbsp;a entrada de estrangeiros no pa\u00eds, no fim&nbsp;do m\u00eas passado, mas muitos chineses radicados no exterior est\u00e3o voltando ao pa\u00eds, \u00e0 medida que a doen\u00e7a se alastra pelo resto do mundo e levou a China&nbsp;a contar com centenas de casos importados.<\/p>\n\n\n\n<p>Segundo a Comiss\u00e3o de Sa\u00fade chinesa, 88 pacientes receberam alta ap\u00f3s terem superado a doen\u00e7a, nas \u00faltimas 24 horas, mas devido \u00e0s 108 novas infec\u00e7\u00f5es registradas, o n\u00famero total de infectados no pa\u00eds asi\u00e1tico aumentou para 1.156, no segundo dia consecutivo de invers\u00e3o de tend\u00eancia de descida.<\/p>\n","protected":false},"excerpt":{"rendered":"<p>A China registrou 108 novos casos de infec\u00e7\u00e3o pelo novo coronav\u00edrus, incluindo dez de cont\u00e1gio local, o n\u00famero mais alto desde 28 de mar\u00e7o, informou&hellip; <\/p>\n","protected":false},"author":2,"featured_media":163526,"comment_status":"closed","ping_status":"closed","sticky":false,"template":"","format":"standard","meta":{"sfsi_plus_gutenberg_text_before_share":"","sfsi_plus_gutenberg_show_text_before_share":"","sfsi_plus_gutenberg_icon_type":"","sfsi_plus_gutenberg_icon_alignemt":"","sfsi_plus_gutenburg_max_per_row":"","footnotes":""},"categories":[2],"tags":[],"class_list":["post-163525","post","type-post","status-publish","format-standard","has-post-thumbnail","hentry","category-geral"],"_links":{"self":[{"href":"https:\/\/www.caririemacao.com\/1\/wp-json\/wp\/v2\/posts\/163525","targetHints":{"allow":["GET"]}}],"collection":[{"href":"https:\/\/www.caririemacao.com\/1\/wp-json\/wp\/v2\/posts"}],"about":[{"href":"https:\/\/www.caririemacao.com\/1\/wp-json\/wp\/v2\/types\/post"}],"author":[{"embeddable":true,"href":"https:\/\/www.caririemacao.com\/1\/wp-json\/wp\/v2\/users\/2"}],"replies":[{"embeddable":true,"href":"https:\/\/www.caririemacao.com\/1\/wp-json\/wp\/v2\/comments?post=163525"}],"version-history":[{"count":1,"href":"https:\/\/www.caririemacao.com\/1\/wp-json\/wp\/v2\/posts\/163525\/revisions"}],"predecessor-version":[{"id":163527,"href":"https:\/\/www.caririemacao.com\/1\/wp-json\/wp\/v2\/posts\/163525\/revisions\/163527"}],"wp:featuredmedia":[{"embeddable":true,"href":"https:\/\/www.caririemacao.com\/1\/wp-json\/wp\/v2\/media\/163526"}],"wp:attachment":[{"href":"https:\/\/www.caririemacao.com\/1\/wp-json\/wp\/v2\/media?parent=163525"}],"wp:term":[{"taxonomy":"category","embeddable":true,"href":"https:\/\/www.caririemacao.com\/1\/wp-json\/wp\/v2\/categories?post=163525"},{"taxonomy":"post_tag","embeddable":true,"href":"https:\/\/www.caririemacao.com\/1\/wp-json\/wp\/v2\/tags?post=163525"}],"curies":[{"name":"wp","href":"https:\/\/api.w.org\/{rel}","templated":true}]}}