{"id":163531,"date":"2020-04-13T07:07:27","date_gmt":"2020-04-13T10:07:27","guid":{"rendered":"http:\/\/www.caririemacao.com\/1\/?p=163531"},"modified":"2020-04-13T07:07:29","modified_gmt":"2020-04-13T10:07:29","slug":"mandetta-brasileiro-nao-sabe-se-escuta-o-ministro-da-saude-ou-o-presidente","status":"publish","type":"post","link":"https:\/\/www.caririemacao.com\/1\/2020\/04\/13\/mandetta-brasileiro-nao-sabe-se-escuta-o-ministro-da-saude-ou-o-presidente\/","title":{"rendered":"Mandetta: brasileiro n\u00e3o sabe se escuta o ministro da Sa\u00fade ou o presidente"},"content":{"rendered":"\n<p>&nbsp;O ministro da Sa\u00fade Luiz Henrique Mandetta disse neste domingo (12) que o brasileiro n\u00e3o sabe se escuta ele ou o presidente Jair Bolsonaro e alertou que os meses de maio e junho ser\u00e3o os mais duros.<\/p>\n\n\n\n<p>Ao ser questionado sobre a diverg\u00eancia de opini\u00f5es entre ele e o presidente, Mandetta pediu um alinhamento de discurso para evitar \u201cdubiedade\u201d.<\/p>\n\n\n\n<p>\u201cQuando voc\u00ea v\u00ea as pessoas entrando em padaria, em supermercado, grudadas, isso \u00e9 claramente uma coisa equivocada. Eu espero uma fala \u00fanica, uma fala unificada. Porque isso leva o brasileiro a uma dubiedade. Ele n\u00e3o sabe se escuta o ministro, o presidente, quem ele escuta\u201d, disse em entrevista ao programa Fant\u00e1stico, da Rede Globo.<\/p>\n\n\n\n<p>Mandetta tamb\u00e9m afirmou que o minist\u00e9rio acredita que maio e junho ser\u00e3o os meses mais duros no combate ao coronav\u00edrus.<\/p>\n\n\n\n<p>Os t\u00e9cnicos do minist\u00e9rio trabalham com a hip\u00f3tese de que o pico do surto seja atingido entre o fim de abril e in\u00edcio de maio. No entanto, a pasta esclarece que isso n\u00e3o significa que, ap\u00f3s esse per\u00edodo, vai se seguir uma queda nos \u00edndices de casos registrados e \u00f3bitos.<\/p>\n\n\n\n<p>A tend\u00eancia \u00e9 que esse per\u00edodo de alta transmiss\u00e3o da doen\u00e7a se mantenha na sequ\u00eancia por at\u00e9 dez semanas, provocando uma grande press\u00e3o sobre o sistema de sa\u00fade.<\/p>\n\n\n\n<p>O ministro voltou a defender as pol\u00edticas de isolamento social como forma de evitar a propaga\u00e7\u00e3o do v\u00edrus.<\/p>\n\n\n\n<p>\u201cQuem vai escrever essa hist\u00f3ria \u00e9 o comportamento da sociedade\u201d, afirmou.<br>Mandetta tamb\u00e9m afirmou que a realiza\u00e7\u00e3o de testes em massa em toda a popula\u00e7\u00e3o \u00e9 invi\u00e1vel neste momento<\/p>\n","protected":false},"excerpt":{"rendered":"<p>&nbsp;O ministro da Sa\u00fade Luiz Henrique Mandetta disse neste domingo (12) que o brasileiro n\u00e3o sabe se escuta ele ou o presidente Jair Bolsonaro e&hellip; <\/p>\n","protected":false},"author":2,"featured_media":163532,"comment_status":"closed","ping_status":"closed","sticky":false,"template":"","format":"standard","meta":{"sfsi_plus_gutenberg_text_before_share":"","sfsi_plus_gutenberg_show_text_before_share":"","sfsi_plus_gutenberg_icon_type":"","sfsi_plus_gutenberg_icon_alignemt":"","sfsi_plus_gutenburg_max_per_row":"","footnotes":""},"categories":[11],"tags":[],"class_list":["post-163531","post","type-post","status-publish","format-standard","has-post-thumbnail","hentry","category-politica"],"_links":{"self":[{"href":"https:\/\/www.caririemacao.com\/1\/wp-json\/wp\/v2\/posts\/163531","targetHints":{"allow":["GET"]}}],"collection":[{"href":"https:\/\/www.caririemacao.com\/1\/wp-json\/wp\/v2\/posts"}],"about":[{"href":"https:\/\/www.caririemacao.com\/1\/wp-json\/wp\/v2\/types\/post"}],"author":[{"embeddable":true,"href":"https:\/\/www.caririemacao.com\/1\/wp-json\/wp\/v2\/users\/2"}],"replies":[{"embeddable":true,"href":"https:\/\/www.caririemacao.com\/1\/wp-json\/wp\/v2\/comments?post=163531"}],"version-history":[{"count":1,"href":"https:\/\/www.caririemacao.com\/1\/wp-json\/wp\/v2\/posts\/163531\/revisions"}],"predecessor-version":[{"id":163533,"href":"https:\/\/www.caririemacao.com\/1\/wp-json\/wp\/v2\/posts\/163531\/revisions\/163533"}],"wp:featuredmedia":[{"embeddable":true,"href":"https:\/\/www.caririemacao.com\/1\/wp-json\/wp\/v2\/media\/163532"}],"wp:attachment":[{"href":"https:\/\/www.caririemacao.com\/1\/wp-json\/wp\/v2\/media?parent=163531"}],"wp:term":[{"taxonomy":"category","embeddable":true,"href":"https:\/\/www.caririemacao.com\/1\/wp-json\/wp\/v2\/categories?post=163531"},{"taxonomy":"post_tag","embeddable":true,"href":"https:\/\/www.caririemacao.com\/1\/wp-json\/wp\/v2\/tags?post=163531"}],"curies":[{"name":"wp","href":"https:\/\/api.w.org\/{rel}","templated":true}]}}