{"id":163535,"date":"2020-04-13T07:08:42","date_gmt":"2020-04-13T10:08:42","guid":{"rendered":"http:\/\/www.caririemacao.com\/1\/?p=163535"},"modified":"2020-04-13T07:08:44","modified_gmt":"2020-04-13T10:08:44","slug":"receita-regulariza-11-milhoes-de-cpfs-com-pendencias-eleitorais","status":"publish","type":"post","link":"https:\/\/www.caririemacao.com\/1\/2020\/04\/13\/receita-regulariza-11-milhoes-de-cpfs-com-pendencias-eleitorais\/","title":{"rendered":"Receita regulariza 11 milh\u00f5es de CPFs com pend\u00eancias eleitorais"},"content":{"rendered":"\n<p>A Receita Federal finalizou ontem (11) a regulariza\u00e7\u00e3o de 11 milh\u00f5es de CPFs que tinham pend\u00eancias com a Justi\u00e7a Federal. Ter o CPF regularizado na base o Cadastro \u00danico \u00e9 importante para que o benefici\u00e1rio receba a&nbsp;renda b\u00e1sica emergencial&nbsp;de R$ 600 pago pelo governo Federal.<\/p>\n\n\n\n<p>Foi finalizado o processamento dos CPFs com pend\u00eancias de natureza eleitoral nas bases administradas pela Receita Federal. Gradativamente, essas altera\u00e7\u00f5es est\u00e3o sendo consumidas nos sistemas da Caixa Econ\u00f4mica Federal e Dataprev para fins do cadastro no Aux\u00edlio Emergencial decorrente da covid-19\u201d, informou a Receita, em nota.<\/p>\n\n\n\n<p>A Receita Federal, no entanto, esclareceu que n\u00e3o s\u00e3o todos os 11 milh\u00f5es de pessoas com CPF rec\u00e9m-regularizado que se encaixam no perfil dos benefici\u00e1rios. T\u00eam direito ao aux\u00edlio aqueles que est\u00e3o inscritas no Cad\u00danico at\u00e9 o dia 20 de mar\u00e7o; microempreendedores individuais, contribuintes individuais ou facultativos do Instituto Nacional do Seguro Social (INSS); informais, sem inscri\u00e7\u00e3o em programas sociais nem contribuir para o INSS; e inscritos no Bolsa Fam\u00edlia.<\/p>\n\n\n\n<p>Os benefici\u00e1rios precisam ter mais de 18 anos de idade e Cadastro de Pessoa F\u00edsica (CPF) ativo; ter renda mensal de at\u00e9 meio sal\u00e1rio m\u00ednimo por pessoa (R$ 522,50); ter renda mensal at\u00e9 3 sal\u00e1rios m\u00ednimos (R$ 3.135) na fam\u00edlia inteira; n\u00e3o ter recebido rendimentos tribut\u00e1veis acima de R$ 28.559,70 em 2018.<\/p>\n","protected":false},"excerpt":{"rendered":"<p>A Receita Federal finalizou ontem (11) a regulariza\u00e7\u00e3o de 11 milh\u00f5es de CPFs que tinham pend\u00eancias com a Justi\u00e7a Federal. Ter o CPF regularizado na&hellip; <\/p>\n","protected":false},"author":2,"featured_media":163536,"comment_status":"closed","ping_status":"closed","sticky":false,"template":"","format":"standard","meta":{"sfsi_plus_gutenberg_text_before_share":"","sfsi_plus_gutenberg_show_text_before_share":"","sfsi_plus_gutenberg_icon_type":"","sfsi_plus_gutenberg_icon_alignemt":"","sfsi_plus_gutenburg_max_per_row":"","footnotes":""},"categories":[50,2],"tags":[],"class_list":["post-163535","post","type-post","status-publish","format-standard","has-post-thumbnail","hentry","category-destaque","category-geral"],"_links":{"self":[{"href":"https:\/\/www.caririemacao.com\/1\/wp-json\/wp\/v2\/posts\/163535","targetHints":{"allow":["GET"]}}],"collection":[{"href":"https:\/\/www.caririemacao.com\/1\/wp-json\/wp\/v2\/posts"}],"about":[{"href":"https:\/\/www.caririemacao.com\/1\/wp-json\/wp\/v2\/types\/post"}],"author":[{"embeddable":true,"href":"https:\/\/www.caririemacao.com\/1\/wp-json\/wp\/v2\/users\/2"}],"replies":[{"embeddable":true,"href":"https:\/\/www.caririemacao.com\/1\/wp-json\/wp\/v2\/comments?post=163535"}],"version-history":[{"count":1,"href":"https:\/\/www.caririemacao.com\/1\/wp-json\/wp\/v2\/posts\/163535\/revisions"}],"predecessor-version":[{"id":163537,"href":"https:\/\/www.caririemacao.com\/1\/wp-json\/wp\/v2\/posts\/163535\/revisions\/163537"}],"wp:featuredmedia":[{"embeddable":true,"href":"https:\/\/www.caririemacao.com\/1\/wp-json\/wp\/v2\/media\/163536"}],"wp:attachment":[{"href":"https:\/\/www.caririemacao.com\/1\/wp-json\/wp\/v2\/media?parent=163535"}],"wp:term":[{"taxonomy":"category","embeddable":true,"href":"https:\/\/www.caririemacao.com\/1\/wp-json\/wp\/v2\/categories?post=163535"},{"taxonomy":"post_tag","embeddable":true,"href":"https:\/\/www.caririemacao.com\/1\/wp-json\/wp\/v2\/tags?post=163535"}],"curies":[{"name":"wp","href":"https:\/\/api.w.org\/{rel}","templated":true}]}}