{"id":163539,"date":"2020-04-13T07:10:11","date_gmt":"2020-04-13T10:10:11","guid":{"rendered":"http:\/\/www.caririemacao.com\/1\/?p=163539"},"modified":"2020-04-13T07:10:13","modified_gmt":"2020-04-13T10:10:13","slug":"presidente-bolsonaro-parece-que-o-virus-esta-indo-embora","status":"publish","type":"post","link":"https:\/\/www.caririemacao.com\/1\/2020\/04\/13\/presidente-bolsonaro-parece-que-o-virus-esta-indo-embora\/","title":{"rendered":"Presidente Bolsonaro: parece que o v\u00edrus est\u00e1 indo embora"},"content":{"rendered":"\n<p>&nbsp;Na contram\u00e3o do que dizem especialistas, o presidente Jair Bolsonaro (sem partido) afirmou neste domingo (12) que o novo coronav\u00edrus parece estar indo embora do pa\u00eds.<\/p>\n\n\n\n<p>\u201cParece que est\u00e1 come\u00e7ando a ir embora essa quest\u00e3o do v\u00edrus, mas est\u00e1 chegando e batendo forte a quest\u00e3o do desemprego\u201d, afirmou o presidente em uma videoconfer\u00eancia com l\u00edderes religiosas em comemora\u00e7\u00e3o \u00e0 P\u00e1scoa.<\/p>\n\n\n\n<p>Em uma fala de dez minutos, o presidente repetiu o que vem fazendo desde o chegada do v\u00edrus no pa\u00eds: equiparar a pandemia com o desemprego.<\/p>\n\n\n\n<p>Apesar da afirma\u00e7\u00e3o de Bolsonaro, de que haveria um arrefecimento da crise de sa\u00fade, o Brasil registrou 99 mortes de s\u00e1bado (11) para domingo, totalizando 1.223 \u00f3bitos pelo novo coronav\u00edrus, segundo dados do Minist\u00e9rio da Sa\u00fade.<\/p>\n\n\n\n<p>H\u00e1 pelo menos 22.169 casos confirmados da nova doen\u00e7a no Brasil. Autoridades t\u00eam chamado aten\u00e7\u00e3o para a possibilidade de subnotifica\u00e7\u00e3o devido \u00e0 falta de testes no pa\u00eds.<\/p>\n\n\n\n<p>A pasta prev\u00ea um pico da Covid-19 entre fim de abril e in\u00edcio de maio para estados com \u00edndices de contamina\u00e7\u00e3o mais avan\u00e7ados. J\u00e1 para o pa\u00eds, de forma geral, esse \u00e1pice \u00e9 esperado para junho.<\/p>\n\n\n\n<p>A declara\u00e7\u00e3o de Bolsonaro tamb\u00e9m contraria um artigo cient\u00edfico escrito por pesquisadores brasileiros e por integrantes do Minist\u00e9rio da Sa\u00fade.<\/p>\n\n\n\n<p>O texto, publicado na Revista da Sociedade Brasileira de Medicina Tropical, menciona um pico do novo coronav\u00edrus entre abril e maio e que a crise deve se estender ao menos at\u00e9 meados de setembro.<\/p>\n\n\n\n<p>Os autores afirmam que o outono est\u00e1 chegando e que nessa esta\u00e7\u00e3o e no inverno aumenta a incid\u00eancia de doen\u00e7as respirat\u00f3rias.<\/p>\n\n\n\n<p>S\u00e3o eles pesquisadores da Universidade Federal do Mato Grosso do Sul, da Funda\u00e7\u00e3o Oswaldo Cruz, Universidade do Estado do Amazonas, Funda\u00e7\u00e3o de Medicina Tropical Doutor Heitor Vieira Dourado e profissionais do Minist\u00e9rio da Sa\u00fade.<\/p>\n\n\n\n<p>Na transmiss\u00e3o ao vivo deste domingo, Bolsonaro disse que vem repetindo h\u00e1 40 dias que o Brasil tem dois problemas a serem enfrentados: o v\u00edrus e o desemprego.<\/p>\n\n\n\n<p>A OMS (Organiza\u00e7\u00e3o Mundial da Sa\u00fade) decretou h\u00e1 pouco mais de um m\u00eas, em 11 de mar\u00e7o, que trata-se de uma pandemia.<\/p>\n\n\n\n<p>O Brasil registrou seu primeiro caso em 26 de fevereiro e a primeira morte em 17 de mar\u00e7o. H\u00e1 infec\u00e7\u00f5es confirmadas em todas as unidades da federa\u00e7\u00e3o. No caso do Amazonas, autoridades afirmam que o estado j\u00e1 atingiu a capacidade de atendimento da popula\u00e7\u00e3o.<\/p>\n\n\n\n<p>O presidente vem agindo na contram\u00e3o do que dizem autoridades sanit\u00e1rias, o pr\u00f3prio Minist\u00e9rio da Sa\u00fade e lideran\u00e7as mundiais. Ele tem sa\u00eddo do Pal\u00e1cio da Alvorada, visitado locais p\u00fablicos, cumprimentado apoiadores e promovido aglomera\u00e7\u00f5es, o que gerou uma s\u00e9rie de cr\u00edticas.<\/p>\n\n\n\n<p>Bolsonaro defende que sejam isolados apenas aqueles que integram os grupos de risco, como idosos, diab\u00e9ticos ou hipertensos. A recomenda\u00e7\u00e3o da OMS e do minist\u00e9rio, contudo, \u00e9 de que haja um distanciamento social amplo para evitar o colapso do sistema p\u00fablico de sa\u00fade.<\/p>\n\n\n\n<p>A live presidencial deste domingo contou com a participa\u00e7\u00e3o de l\u00edderes religiosos alinhados ao governo, como o pastor Silas Malafaia e o deputado Marco Feliciano.<\/p>\n\n\n\n<p>A media\u00e7\u00e3o da videoconfer\u00eancia ficou a cargo de Iris Abravanel, esposa do empres\u00e1rio e apresentador Silvio Santos, do SBT.<\/p>\n","protected":false},"excerpt":{"rendered":"<p>&nbsp;Na contram\u00e3o do que dizem especialistas, o presidente Jair Bolsonaro (sem partido) afirmou neste domingo (12) que o novo coronav\u00edrus parece estar indo embora do&hellip; <\/p>\n","protected":false},"author":2,"featured_media":163540,"comment_status":"closed","ping_status":"closed","sticky":false,"template":"","format":"standard","meta":{"sfsi_plus_gutenberg_text_before_share":"","sfsi_plus_gutenberg_show_text_before_share":"","sfsi_plus_gutenberg_icon_type":"","sfsi_plus_gutenberg_icon_alignemt":"","sfsi_plus_gutenburg_max_per_row":"","footnotes":""},"categories":[50,11],"tags":[],"class_list":["post-163539","post","type-post","status-publish","format-standard","has-post-thumbnail","hentry","category-destaque","category-politica"],"_links":{"self":[{"href":"https:\/\/www.caririemacao.com\/1\/wp-json\/wp\/v2\/posts\/163539","targetHints":{"allow":["GET"]}}],"collection":[{"href":"https:\/\/www.caririemacao.com\/1\/wp-json\/wp\/v2\/posts"}],"about":[{"href":"https:\/\/www.caririemacao.com\/1\/wp-json\/wp\/v2\/types\/post"}],"author":[{"embeddable":true,"href":"https:\/\/www.caririemacao.com\/1\/wp-json\/wp\/v2\/users\/2"}],"replies":[{"embeddable":true,"href":"https:\/\/www.caririemacao.com\/1\/wp-json\/wp\/v2\/comments?post=163539"}],"version-history":[{"count":1,"href":"https:\/\/www.caririemacao.com\/1\/wp-json\/wp\/v2\/posts\/163539\/revisions"}],"predecessor-version":[{"id":163541,"href":"https:\/\/www.caririemacao.com\/1\/wp-json\/wp\/v2\/posts\/163539\/revisions\/163541"}],"wp:featuredmedia":[{"embeddable":true,"href":"https:\/\/www.caririemacao.com\/1\/wp-json\/wp\/v2\/media\/163540"}],"wp:attachment":[{"href":"https:\/\/www.caririemacao.com\/1\/wp-json\/wp\/v2\/media?parent=163539"}],"wp:term":[{"taxonomy":"category","embeddable":true,"href":"https:\/\/www.caririemacao.com\/1\/wp-json\/wp\/v2\/categories?post=163539"},{"taxonomy":"post_tag","embeddable":true,"href":"https:\/\/www.caririemacao.com\/1\/wp-json\/wp\/v2\/tags?post=163539"}],"curies":[{"name":"wp","href":"https:\/\/api.w.org\/{rel}","templated":true}]}}