{"id":163546,"date":"2020-04-13T07:15:48","date_gmt":"2020-04-13T10:15:48","guid":{"rendered":"http:\/\/www.caririemacao.com\/1\/?p=163546"},"modified":"2020-04-13T07:15:49","modified_gmt":"2020-04-13T10:15:49","slug":"meia-tenta-encontrar-estabilidade-em-sua-terceira-temporada-no-verdao","status":"publish","type":"post","link":"https:\/\/www.caririemacao.com\/1\/2020\/04\/13\/meia-tenta-encontrar-estabilidade-em-sua-terceira-temporada-no-verdao\/","title":{"rendered":"Meia tenta encontrar estabilidade em sua terceira temporada no Verd\u00e3o"},"content":{"rendered":"\n<p>Gustavo Scarpa deu in\u00edcio \u00e0 sua terceira temporada no Palmeiras em janeiro, depois de uma negocia\u00e7\u00e3o frustrada com o Almer\u00eda, da Espanha. Com a perman\u00eancia garantida, o meio-campista de 26 anos busca encontrar uma longa estabilidade ainda n\u00e3o registrada como jogador do clube alviverde.<\/p>\n\n\n\n<p>Contratado no in\u00edcio de 2018 com um v\u00ednculo de cinco anos, Scarpa sofreu com tr\u00eas les\u00f5es e ainda enfrentou um problema judicial que o afastou dos gramados logo na sua temporada inicial no Palmeiras.<\/p>\n\n\n\n<p>Depois dos oito primeiros jogos com a camisa palmeirense, Scarpa viu seu antigo clube, o Fluminense, derrubar uma liminar obtida por seu estafe semanas antes. Alegando atrasos de sal\u00e1rios, o meia conseguiu a libera\u00e7\u00e3o na justi\u00e7a e assinou com o Palmeiras. A batalha nos tribunais, que come\u00e7ou em mar\u00e7o, durou at\u00e9 julho.<\/p>\n\n\n\n<p>De volta ao clube e com boas atua\u00e7\u00f5es no time treinado por Luiz Felipe Scolari, Scarpa sofreu um trauma no calcanhar direito no come\u00e7o de agosto e ficou quase dois meses afastado. No retorno, voltou a ser pe\u00e7a importante da equipe, que terminou o ano com o t\u00edtulo do Campeonato Brasileiro.<\/p>\n\n\n\n<p>Na temporada seguinte, dois problemas f\u00edsicos atrapalharam a busca por uma sequ\u00eancia de jogos. O primeiro foi logo no come\u00e7o do ano, em fevereiro. Uma entorse no tornozelo esquerdo o deixou por tr\u00eas semanas fora do time.<\/p>\n\n\n\n<p>O segundo aconteceu em maio, novamente quando ele vivia um bom momento. Minutos depois de fazer um gol contra o San Lorenzo em partida v\u00e1lida pela Libertadores, o meio-campista sofreu uma les\u00e3o na parte de tr\u00e1s do joelho, no in\u00edcio da panturrilha. O per\u00edodo sem partidas, na ocasi\u00e3o, foi de duas semanas.<\/p>\n\n\n\n<p>No segundo semestre do ano passado, antes de despertar o interesse do Almer\u00eda, Scarpa conseguiu emendar uma sequ\u00eancia de jogos. Foram 25 partidas, quase um ter\u00e7o do total pelo Palmeiras -s\u00e3o 72. Mas a fase do time n\u00e3o ajudou. Os palmeirenses foram eliminados da Libertadores pelo Gr\u00eamio e terminaram o Brasileir\u00e3o atr\u00e1s de Flamengo e Santos.<\/p>\n\n\n\n<p>Na atual temporada, Scarpa entrou em campo apenas tr\u00eas vezes. Ap\u00f3s a negocia\u00e7\u00e3o frustrada, o meia voltou ao radar do t\u00e9cnico Vanderlei Luxemburgo, que o escalou como titular contra o Oeste e a Ferrovi\u00e1ria, pelo Campeonato Paulista.<\/p>\n","protected":false},"excerpt":{"rendered":"<p>Gustavo Scarpa deu in\u00edcio \u00e0 sua terceira temporada no Palmeiras em janeiro, depois de uma negocia\u00e7\u00e3o frustrada com o Almer\u00eda, da Espanha. Com a perman\u00eancia&hellip; <\/p>\n","protected":false},"author":2,"featured_media":163547,"comment_status":"closed","ping_status":"closed","sticky":false,"template":"","format":"standard","meta":{"sfsi_plus_gutenberg_text_before_share":"","sfsi_plus_gutenberg_show_text_before_share":"","sfsi_plus_gutenberg_icon_type":"","sfsi_plus_gutenberg_icon_alignemt":"","sfsi_plus_gutenburg_max_per_row":"","footnotes":""},"categories":[13],"tags":[],"class_list":["post-163546","post","type-post","status-publish","format-standard","has-post-thumbnail","hentry","category-esportes"],"_links":{"self":[{"href":"https:\/\/www.caririemacao.com\/1\/wp-json\/wp\/v2\/posts\/163546","targetHints":{"allow":["GET"]}}],"collection":[{"href":"https:\/\/www.caririemacao.com\/1\/wp-json\/wp\/v2\/posts"}],"about":[{"href":"https:\/\/www.caririemacao.com\/1\/wp-json\/wp\/v2\/types\/post"}],"author":[{"embeddable":true,"href":"https:\/\/www.caririemacao.com\/1\/wp-json\/wp\/v2\/users\/2"}],"replies":[{"embeddable":true,"href":"https:\/\/www.caririemacao.com\/1\/wp-json\/wp\/v2\/comments?post=163546"}],"version-history":[{"count":1,"href":"https:\/\/www.caririemacao.com\/1\/wp-json\/wp\/v2\/posts\/163546\/revisions"}],"predecessor-version":[{"id":163548,"href":"https:\/\/www.caririemacao.com\/1\/wp-json\/wp\/v2\/posts\/163546\/revisions\/163548"}],"wp:featuredmedia":[{"embeddable":true,"href":"https:\/\/www.caririemacao.com\/1\/wp-json\/wp\/v2\/media\/163547"}],"wp:attachment":[{"href":"https:\/\/www.caririemacao.com\/1\/wp-json\/wp\/v2\/media?parent=163546"}],"wp:term":[{"taxonomy":"category","embeddable":true,"href":"https:\/\/www.caririemacao.com\/1\/wp-json\/wp\/v2\/categories?post=163546"},{"taxonomy":"post_tag","embeddable":true,"href":"https:\/\/www.caririemacao.com\/1\/wp-json\/wp\/v2\/tags?post=163546"}],"curies":[{"name":"wp","href":"https:\/\/api.w.org\/{rel}","templated":true}]}}