{"id":163562,"date":"2020-04-13T07:31:25","date_gmt":"2020-04-13T10:31:25","guid":{"rendered":"http:\/\/www.caririemacao.com\/1\/?p=163562"},"modified":"2020-04-13T07:31:26","modified_gmt":"2020-04-13T10:31:26","slug":"covid-19-comite-afirma-que-relaxamento-de-distanciamento-social-pode-gerar-tragedia-humana-sem-precedentes-no-pais","status":"publish","type":"post","link":"https:\/\/www.caririemacao.com\/1\/2020\/04\/13\/covid-19-comite-afirma-que-relaxamento-de-distanciamento-social-pode-gerar-tragedia-humana-sem-precedentes-no-pais\/","title":{"rendered":"Covid-19: Comit\u00ea afirma que relaxamento de distanciamento social pode gerar trag\u00e9dia humana sem precedentes no pa\u00eds"},"content":{"rendered":"\n<p>O Comit\u00ea&nbsp;Cient\u00edfico do Cons\u00f3rcio Nordeste afirmou atrav\u00e9s de um boletim emitido na \u00faltima quinta-feira (09) e divulgado neste domingo (12), pela Secretaria de Sa\u00fade da Para\u00edba, que o relaxamento de distanciamento social pode gerar trag\u00e9dia humana&nbsp;sem precedentes no pa\u00eds.&nbsp;O Comit\u00ea Cient\u00edfico do Cons\u00f3rcio Nordeste para o COVID-19, integrado por&nbsp;representantes de todos Estados da regi\u00e3o e assessorados por cientistas e m\u00e9dicos&nbsp;de outras regi\u00f5es do pa\u00eds e do exterior, est\u00e1 estudando todos aspectos da pandemia&nbsp;atrav\u00e9s de 9 subcomit\u00eas.&nbsp;<\/p>\n\n\n\n<p>Segundo o Comit\u00ea, &#8220;n\u00e3o h\u00e1 justificativa alguma para qualquer tipo de relaxamento no&nbsp;distanciamento social&#8221;.<\/p>\n\n\n\n<p>Ainda segundo eles,&nbsp;o isolamento social reduziu a velocidade de&nbsp;contamina\u00e7\u00e3o por coronav\u00edrus em Fortaleza e no Estado do Cear\u00e1. Um estudo realizado&nbsp;pelo Grupo de Sistemas Complexos, do Departamento de F\u00edsica, da Universidade&nbsp;Federal do Cear\u00e1 (UFC), com apoio da Secretaria de Sa\u00fade do Estado (SESA-CE) e&nbsp;da Vigil\u00e2ncia Epidemiol\u00f3gica da Prefeitura de Fortaleza, concluiu que em 24 de&nbsp;mar\u00e7o Fortaleza registrava 542, e o estado do Cear\u00e1, na mesma data, 607. Sem o&nbsp;isolamento determinado pelo governo estadual o n\u00famero seria 1.194 para a capital e&nbsp;1.349 para o estado.<\/p>\n\n\n\n<p>No boletim do Comit\u00ea, tamb\u00e9m ressalta que neste momento,&nbsp;n\u00e3o existe nenhum embasamento cient\u00edfico ou cl\u00ednico&nbsp;que justifique o uso da hidroxicloroquina no tratamento de pacientes em qualquer&nbsp;fase da infec\u00e7\u00e3o produzida pelo coronav\u00edrus.<\/p>\n\n\n\n<p>&#8221;&nbsp;Artigos publicados nos \u00faltimos dias em diversas revistas cient\u00edficas de grande&nbsp;relev\u00e2ncia, corroboram esta compreens\u00e3o e indicam os graves riscos, inclusive de&nbsp;morte s\u00fabita, que o uso indiscriminado desde medicamento pode acarretar&#8221;, diz o boletim.<\/p>\n\n\n\n<p>&#8220;Os resultados com a Hidroxicloroquina s\u00e3o t\u00e3o err\u00e1ticos que h\u00e1 hospital deixando de&nbsp;usar HcQ&#8221;, completa.<\/p>\n","protected":false},"excerpt":{"rendered":"<p>O Comit\u00ea&nbsp;Cient\u00edfico do Cons\u00f3rcio Nordeste afirmou atrav\u00e9s de um boletim emitido na \u00faltima quinta-feira (09) e divulgado neste domingo (12), pela Secretaria de Sa\u00fade da&hellip; <\/p>\n","protected":false},"author":2,"featured_media":163563,"comment_status":"closed","ping_status":"closed","sticky":false,"template":"","format":"standard","meta":{"sfsi_plus_gutenberg_text_before_share":"","sfsi_plus_gutenberg_show_text_before_share":"","sfsi_plus_gutenberg_icon_type":"","sfsi_plus_gutenberg_icon_alignemt":"","sfsi_plus_gutenburg_max_per_row":"","footnotes":""},"categories":[2],"tags":[],"class_list":["post-163562","post","type-post","status-publish","format-standard","has-post-thumbnail","hentry","category-geral"],"_links":{"self":[{"href":"https:\/\/www.caririemacao.com\/1\/wp-json\/wp\/v2\/posts\/163562","targetHints":{"allow":["GET"]}}],"collection":[{"href":"https:\/\/www.caririemacao.com\/1\/wp-json\/wp\/v2\/posts"}],"about":[{"href":"https:\/\/www.caririemacao.com\/1\/wp-json\/wp\/v2\/types\/post"}],"author":[{"embeddable":true,"href":"https:\/\/www.caririemacao.com\/1\/wp-json\/wp\/v2\/users\/2"}],"replies":[{"embeddable":true,"href":"https:\/\/www.caririemacao.com\/1\/wp-json\/wp\/v2\/comments?post=163562"}],"version-history":[{"count":1,"href":"https:\/\/www.caririemacao.com\/1\/wp-json\/wp\/v2\/posts\/163562\/revisions"}],"predecessor-version":[{"id":163564,"href":"https:\/\/www.caririemacao.com\/1\/wp-json\/wp\/v2\/posts\/163562\/revisions\/163564"}],"wp:featuredmedia":[{"embeddable":true,"href":"https:\/\/www.caririemacao.com\/1\/wp-json\/wp\/v2\/media\/163563"}],"wp:attachment":[{"href":"https:\/\/www.caririemacao.com\/1\/wp-json\/wp\/v2\/media?parent=163562"}],"wp:term":[{"taxonomy":"category","embeddable":true,"href":"https:\/\/www.caririemacao.com\/1\/wp-json\/wp\/v2\/categories?post=163562"},{"taxonomy":"post_tag","embeddable":true,"href":"https:\/\/www.caririemacao.com\/1\/wp-json\/wp\/v2\/tags?post=163562"}],"curies":[{"name":"wp","href":"https:\/\/api.w.org\/{rel}","templated":true}]}}