{"id":163566,"date":"2020-04-13T07:32:30","date_gmt":"2020-04-13T10:32:30","guid":{"rendered":"http:\/\/www.caririemacao.com\/1\/?p=163566"},"modified":"2020-04-13T07:32:32","modified_gmt":"2020-04-13T10:32:32","slug":"grupo-e-preso-suspeito-de-trafico-de-drogas-na-paraiba","status":"publish","type":"post","link":"https:\/\/www.caririemacao.com\/1\/2020\/04\/13\/grupo-e-preso-suspeito-de-trafico-de-drogas-na-paraiba\/","title":{"rendered":"Grupo \u00e9 preso suspeito de tr\u00e1fico de drogas na Para\u00edba"},"content":{"rendered":"\n<p>A Pol\u00edcia Militar prendeu na noite deste s\u00e1bado (11), tr\u00eas homens e apreendeu um adolescente suspeitos de tr\u00e1fico de drogas, no bairro Mutir\u00e3o, no munic\u00edpio de Sousa, na Para\u00edba. A a\u00e7\u00e3o aconteceu ap\u00f3s a PM receber uma den\u00fancia de comercializa\u00e7\u00e3o de drogas em umas resid\u00eancias da regi\u00e3o.&nbsp;<\/p>\n\n\n\n<p>De acordo com a PM, um adolescente de 17 anos estava com parte do material encontrado tamb\u00e9m um jovem de 20 anos.&nbsp;Ao chegar no local a Pol\u00edcia informou que dois homens&nbsp;estavam sentados na porta e ao avistarem a viatura tentaram fugir, mas foram alcan\u00e7ados.<\/p>\n\n\n\n<p>Com os suspeitos foram apreendidos&nbsp;13 papelotes tamanho diverso de subst\u00e2ncia an\u00e1loga a coca\u00edna pesando 32.2 gramas;&nbsp;27 por\u00e7\u00f5es de subst\u00e2ncia an\u00e1loga \u00e0 maconha pesando 33.5 gramas; um&nbsp;tablete grande prensado de subst\u00e2ncia an\u00e1loga \u00e0 maconha pesando 290 gramas; um&nbsp;recipiente pl\u00e1stico contendo subst\u00e2ncia an\u00e1loga a maconha pesando 19.3 gramas; um&nbsp;recipiente pl\u00e1stico contendo subst\u00e2ncia an\u00e1loga a maconha pesando 47 gramas gramas; e uma&nbsp;balan\u00e7a de precis\u00e3o.<\/p>\n\n\n\n<p>O grupo e o material apreendido foram encaminhados \u00e0 Delegacia de Pol\u00edcia Civil da cidade.<\/p>\n","protected":false},"excerpt":{"rendered":"<p>A Pol\u00edcia Militar prendeu na noite deste s\u00e1bado (11), tr\u00eas homens e apreendeu um adolescente suspeitos de tr\u00e1fico de drogas, no bairro Mutir\u00e3o, no munic\u00edpio&hellip; <\/p>\n","protected":false},"author":2,"featured_media":163567,"comment_status":"closed","ping_status":"closed","sticky":false,"template":"","format":"standard","meta":{"sfsi_plus_gutenberg_text_before_share":"","sfsi_plus_gutenberg_show_text_before_share":"","sfsi_plus_gutenberg_icon_type":"","sfsi_plus_gutenberg_icon_alignemt":"","sfsi_plus_gutenburg_max_per_row":"","footnotes":""},"categories":[2],"tags":[],"class_list":["post-163566","post","type-post","status-publish","format-standard","has-post-thumbnail","hentry","category-geral"],"_links":{"self":[{"href":"https:\/\/www.caririemacao.com\/1\/wp-json\/wp\/v2\/posts\/163566","targetHints":{"allow":["GET"]}}],"collection":[{"href":"https:\/\/www.caririemacao.com\/1\/wp-json\/wp\/v2\/posts"}],"about":[{"href":"https:\/\/www.caririemacao.com\/1\/wp-json\/wp\/v2\/types\/post"}],"author":[{"embeddable":true,"href":"https:\/\/www.caririemacao.com\/1\/wp-json\/wp\/v2\/users\/2"}],"replies":[{"embeddable":true,"href":"https:\/\/www.caririemacao.com\/1\/wp-json\/wp\/v2\/comments?post=163566"}],"version-history":[{"count":1,"href":"https:\/\/www.caririemacao.com\/1\/wp-json\/wp\/v2\/posts\/163566\/revisions"}],"predecessor-version":[{"id":163568,"href":"https:\/\/www.caririemacao.com\/1\/wp-json\/wp\/v2\/posts\/163566\/revisions\/163568"}],"wp:featuredmedia":[{"embeddable":true,"href":"https:\/\/www.caririemacao.com\/1\/wp-json\/wp\/v2\/media\/163567"}],"wp:attachment":[{"href":"https:\/\/www.caririemacao.com\/1\/wp-json\/wp\/v2\/media?parent=163566"}],"wp:term":[{"taxonomy":"category","embeddable":true,"href":"https:\/\/www.caririemacao.com\/1\/wp-json\/wp\/v2\/categories?post=163566"},{"taxonomy":"post_tag","embeddable":true,"href":"https:\/\/www.caririemacao.com\/1\/wp-json\/wp\/v2\/tags?post=163566"}],"curies":[{"name":"wp","href":"https:\/\/api.w.org\/{rel}","templated":true}]}}