{"id":163573,"date":"2020-04-13T07:35:53","date_gmt":"2020-04-13T10:35:53","guid":{"rendered":"http:\/\/www.caririemacao.com\/1\/?p=163573"},"modified":"2020-04-13T07:35:55","modified_gmt":"2020-04-13T10:35:55","slug":"brasil-registra-12-mil-mortes-e-22-mil-casos-confirmados","status":"publish","type":"post","link":"https:\/\/www.caririemacao.com\/1\/2020\/04\/13\/brasil-registra-12-mil-mortes-e-22-mil-casos-confirmados\/","title":{"rendered":"Brasil registra 1,2 mil mortes e 22 mil casos confirmados"},"content":{"rendered":"\n<p>Subiu para 1.223 o n\u00famero de pessoas mortas no Brasil em decorr\u00eancia da Covid-19, que \u00e9 a doen\u00e7a causada pelo novo coronav\u00edrus. Na Para\u00edba, s\u00e3o 13 \u00f3bitos confirmados pela doen\u00e7a.De acordo com o Minist\u00e9rio da Sa\u00fade, h\u00e1 22,1 mil casos confirmados de pessoas infectadas pelo v\u00edrus em todo pa\u00eds.<\/p>\n\n\n\n<p>Em todo Brasil, na s\u00e1bado (11), havia 1.124 mortes e 20.727 casos confirmados. S\u00e3o 1.442 casos (alta de 7%) e 99 mortes (alta de 9%) a mais, em 24 horas.<strong>MaisPB<\/strong><\/p>\n\n\n\n<p><\/p>\n","protected":false},"excerpt":{"rendered":"<p>Subiu para 1.223 o n\u00famero de pessoas mortas no Brasil em decorr\u00eancia da Covid-19, que \u00e9 a doen\u00e7a causada pelo novo coronav\u00edrus. Na Para\u00edba, s\u00e3o&hellip; <\/p>\n","protected":false},"author":2,"featured_media":163429,"comment_status":"closed","ping_status":"closed","sticky":false,"template":"","format":"standard","meta":{"sfsi_plus_gutenberg_text_before_share":"","sfsi_plus_gutenberg_show_text_before_share":"","sfsi_plus_gutenberg_icon_type":"","sfsi_plus_gutenberg_icon_alignemt":"","sfsi_plus_gutenburg_max_per_row":"","footnotes":""},"categories":[2],"tags":[],"class_list":["post-163573","post","type-post","status-publish","format-standard","has-post-thumbnail","hentry","category-geral"],"_links":{"self":[{"href":"https:\/\/www.caririemacao.com\/1\/wp-json\/wp\/v2\/posts\/163573","targetHints":{"allow":["GET"]}}],"collection":[{"href":"https:\/\/www.caririemacao.com\/1\/wp-json\/wp\/v2\/posts"}],"about":[{"href":"https:\/\/www.caririemacao.com\/1\/wp-json\/wp\/v2\/types\/post"}],"author":[{"embeddable":true,"href":"https:\/\/www.caririemacao.com\/1\/wp-json\/wp\/v2\/users\/2"}],"replies":[{"embeddable":true,"href":"https:\/\/www.caririemacao.com\/1\/wp-json\/wp\/v2\/comments?post=163573"}],"version-history":[{"count":1,"href":"https:\/\/www.caririemacao.com\/1\/wp-json\/wp\/v2\/posts\/163573\/revisions"}],"predecessor-version":[{"id":163574,"href":"https:\/\/www.caririemacao.com\/1\/wp-json\/wp\/v2\/posts\/163573\/revisions\/163574"}],"wp:featuredmedia":[{"embeddable":true,"href":"https:\/\/www.caririemacao.com\/1\/wp-json\/wp\/v2\/media\/163429"}],"wp:attachment":[{"href":"https:\/\/www.caririemacao.com\/1\/wp-json\/wp\/v2\/media?parent=163573"}],"wp:term":[{"taxonomy":"category","embeddable":true,"href":"https:\/\/www.caririemacao.com\/1\/wp-json\/wp\/v2\/categories?post=163573"},{"taxonomy":"post_tag","embeddable":true,"href":"https:\/\/www.caririemacao.com\/1\/wp-json\/wp\/v2\/tags?post=163573"}],"curies":[{"name":"wp","href":"https:\/\/api.w.org\/{rel}","templated":true}]}}