{"id":163577,"date":"2020-04-13T07:41:52","date_gmt":"2020-04-13T10:41:52","guid":{"rendered":"http:\/\/www.caririemacao.com\/1\/?p=163577"},"modified":"2020-04-13T09:25:04","modified_gmt":"2020-04-13T12:25:04","slug":"crime-misterioso-segundo-corpo-e-encontrado-proximo-a-camalau-vitima-possuia-marcas-de-tiros","status":"publish","type":"post","link":"https:\/\/www.caririemacao.com\/1\/2020\/04\/13\/crime-misterioso-segundo-corpo-e-encontrado-proximo-a-camalau-vitima-possuia-marcas-de-tiros\/","title":{"rendered":"CRIME MISTERIOSO: Segundo corpo \u00e9 encontrado pr\u00f3ximo \u00e0 Camala\u00fa; v\u00edtima possu\u00eda marcas de tiros"},"content":{"rendered":"\n<p>Na manh\u00e3 deste \u00faltimo s\u00e1bado(11) o corpo de um homem foi encontrado nas proximidades do S\u00edtio Vermelha, zona rural do munic\u00edpio de Camala\u00fa.<\/p>\n\n\n\n<p>O corpo j\u00e1 se encontrava em estado de decomposi\u00e7\u00e3o e apresentava ferimentos de arma de fogo. A v\u00edtima estava nas proximidades do local onde foi encontrado na \u00faltima quinta-feira o corpo de outro homem, al\u00e9m de um carro, uma moto e um reboque, incendiados nas proximidades do crime.<\/p>\n\n\n\n<p>Segundo informa\u00e7\u00f5es de populares, a segunda v\u00edtima encontrada \u00e9 pertencente ao estado do Pernambuco e seria natural da cidade de Itapetim.<\/p>\n\n\n\n<p>A Policia Militar esteve no local juntamente com a Policia Civil, que agora investigar\u00e1 as mortes. O delegado da Pol\u00edcia Civil, Dr Cristiano Santana, confirmou que recebeu informa\u00e7\u00f5es da identidade da v\u00edtima, mas ainda investiga a veracidade dos dados.<\/p>\n\n\n\n<p><strong>De Olho no Cariri<\/strong><\/p>\n","protected":false},"excerpt":{"rendered":"<p>Na manh\u00e3 deste \u00faltimo s\u00e1bado(11) o corpo de um homem foi encontrado nas proximidades do S\u00edtio Vermelha, zona rural do munic\u00edpio de Camala\u00fa. O corpo&hellip; <\/p>\n","protected":false},"author":2,"featured_media":163578,"comment_status":"closed","ping_status":"closed","sticky":false,"template":"","format":"standard","meta":{"sfsi_plus_gutenberg_text_before_share":"","sfsi_plus_gutenberg_show_text_before_share":"","sfsi_plus_gutenberg_icon_type":"","sfsi_plus_gutenberg_icon_alignemt":"","sfsi_plus_gutenburg_max_per_row":"","footnotes":""},"categories":[50,12],"tags":[],"class_list":["post-163577","post","type-post","status-publish","format-standard","has-post-thumbnail","hentry","category-destaque","category-policia"],"_links":{"self":[{"href":"https:\/\/www.caririemacao.com\/1\/wp-json\/wp\/v2\/posts\/163577","targetHints":{"allow":["GET"]}}],"collection":[{"href":"https:\/\/www.caririemacao.com\/1\/wp-json\/wp\/v2\/posts"}],"about":[{"href":"https:\/\/www.caririemacao.com\/1\/wp-json\/wp\/v2\/types\/post"}],"author":[{"embeddable":true,"href":"https:\/\/www.caririemacao.com\/1\/wp-json\/wp\/v2\/users\/2"}],"replies":[{"embeddable":true,"href":"https:\/\/www.caririemacao.com\/1\/wp-json\/wp\/v2\/comments?post=163577"}],"version-history":[{"count":2,"href":"https:\/\/www.caririemacao.com\/1\/wp-json\/wp\/v2\/posts\/163577\/revisions"}],"predecessor-version":[{"id":163594,"href":"https:\/\/www.caririemacao.com\/1\/wp-json\/wp\/v2\/posts\/163577\/revisions\/163594"}],"wp:featuredmedia":[{"embeddable":true,"href":"https:\/\/www.caririemacao.com\/1\/wp-json\/wp\/v2\/media\/163578"}],"wp:attachment":[{"href":"https:\/\/www.caririemacao.com\/1\/wp-json\/wp\/v2\/media?parent=163577"}],"wp:term":[{"taxonomy":"category","embeddable":true,"href":"https:\/\/www.caririemacao.com\/1\/wp-json\/wp\/v2\/categories?post=163577"},{"taxonomy":"post_tag","embeddable":true,"href":"https:\/\/www.caririemacao.com\/1\/wp-json\/wp\/v2\/tags?post=163577"}],"curies":[{"name":"wp","href":"https:\/\/api.w.org\/{rel}","templated":true}]}}