{"id":163581,"date":"2020-04-13T07:43:54","date_gmt":"2020-04-13T10:43:54","guid":{"rendered":"http:\/\/www.caririemacao.com\/1\/?p=163581"},"modified":"2020-04-13T09:26:08","modified_gmt":"2020-04-13T12:26:08","slug":"ambulancia-bate-em-animal-na-pista-enquanto-transferia-paciente-para-hospital-na-pb","status":"publish","type":"post","link":"https:\/\/www.caririemacao.com\/1\/2020\/04\/13\/ambulancia-bate-em-animal-na-pista-enquanto-transferia-paciente-para-hospital-na-pb\/","title":{"rendered":"Ambul\u00e2ncia bate em animal na pista enquanto transferia paciente para hospital na PB"},"content":{"rendered":"\n<p>Uma ambul\u00e2ncia do Servi\u00e7o de Atendimento M\u00f3vel de Urg\u00eancia (Samu) da cidade de Pombal ficou com a parte da frente parcialmente destru\u00edda ap\u00f3s colidir com um animal na BR 230, pr\u00f3ximo \u00e0 cidade de Juco do Serid\u00f3, na noite deste s\u00e1bado (11).<\/p>\n\n\n\n<p>O motorista teria tentado jogar o carro para a contram\u00e3o, mas n\u00e3o conseguiu desviar e acabou atropelando o animal. O motorista&nbsp;e as demais pessoas que estavam no interior do ve\u00edculo n\u00e3o sofreram ferimentos.<\/p>\n\n\n\n<p>A ambul\u00e2ncia estava em ocorr\u00eancia transferindo um paciente para o Hospital&nbsp; Metropolitano \u2018Dom Jos\u00e9 Maria Pires\u2019, em Jo\u00e3o Pessoa.<\/p>\n\n\n\n<p>De olho no cariri<\/p>\n","protected":false},"excerpt":{"rendered":"<p>Uma ambul\u00e2ncia do Servi\u00e7o de Atendimento M\u00f3vel de Urg\u00eancia (Samu) da cidade de Pombal ficou com a parte da frente parcialmente destru\u00edda ap\u00f3s colidir com&hellip; <\/p>\n","protected":false},"author":2,"featured_media":163583,"comment_status":"closed","ping_status":"closed","sticky":false,"template":"","format":"standard","meta":{"sfsi_plus_gutenberg_text_before_share":"","sfsi_plus_gutenberg_show_text_before_share":"","sfsi_plus_gutenberg_icon_type":"","sfsi_plus_gutenberg_icon_alignemt":"","sfsi_plus_gutenburg_max_per_row":"","footnotes":""},"categories":[12],"tags":[],"class_list":["post-163581","post","type-post","status-publish","format-standard","has-post-thumbnail","hentry","category-policia"],"_links":{"self":[{"href":"https:\/\/www.caririemacao.com\/1\/wp-json\/wp\/v2\/posts\/163581","targetHints":{"allow":["GET"]}}],"collection":[{"href":"https:\/\/www.caririemacao.com\/1\/wp-json\/wp\/v2\/posts"}],"about":[{"href":"https:\/\/www.caririemacao.com\/1\/wp-json\/wp\/v2\/types\/post"}],"author":[{"embeddable":true,"href":"https:\/\/www.caririemacao.com\/1\/wp-json\/wp\/v2\/users\/2"}],"replies":[{"embeddable":true,"href":"https:\/\/www.caririemacao.com\/1\/wp-json\/wp\/v2\/comments?post=163581"}],"version-history":[{"count":2,"href":"https:\/\/www.caririemacao.com\/1\/wp-json\/wp\/v2\/posts\/163581\/revisions"}],"predecessor-version":[{"id":163595,"href":"https:\/\/www.caririemacao.com\/1\/wp-json\/wp\/v2\/posts\/163581\/revisions\/163595"}],"wp:featuredmedia":[{"embeddable":true,"href":"https:\/\/www.caririemacao.com\/1\/wp-json\/wp\/v2\/media\/163583"}],"wp:attachment":[{"href":"https:\/\/www.caririemacao.com\/1\/wp-json\/wp\/v2\/media?parent=163581"}],"wp:term":[{"taxonomy":"category","embeddable":true,"href":"https:\/\/www.caririemacao.com\/1\/wp-json\/wp\/v2\/categories?post=163581"},{"taxonomy":"post_tag","embeddable":true,"href":"https:\/\/www.caririemacao.com\/1\/wp-json\/wp\/v2\/tags?post=163581"}],"curies":[{"name":"wp","href":"https:\/\/api.w.org\/{rel}","templated":true}]}}