{"id":163599,"date":"2020-04-13T10:17:17","date_gmt":"2020-04-13T13:17:17","guid":{"rendered":"http:\/\/www.caririemacao.com\/1\/?p=163599"},"modified":"2020-04-13T10:17:18","modified_gmt":"2020-04-13T13:17:18","slug":"auxilio-emergencial-quem-tem-bolsa-familia-recebe-direto","status":"publish","type":"post","link":"https:\/\/www.caririemacao.com\/1\/2020\/04\/13\/auxilio-emergencial-quem-tem-bolsa-familia-recebe-direto\/","title":{"rendered":"Aux\u00edlio emergencial: quem tem Bolsa Fam\u00edlia recebe direto?"},"content":{"rendered":"\n<p><strong>Sobre o aux\u00edlio emergencial de R$ 600 que o governo vai pagar a quem est\u00e1 sem renda por conta da pandemia do coronav\u00edrus, quem tem Bolsa Fam\u00edlia vai receber direto?<\/strong><\/p>\n\n\n\n<p><em>(Pergunta enviada por internauta)<\/em><\/p>\n\n\n\n<p><strong>Resposta:&nbsp; Sim.<\/strong><\/p>\n\n\n\n<p>Segundo informa\u00e7\u00f5es do ministro da Cidadania, Onyx Lorenzoni, o pagamento do aux\u00edlio emergencial aos benefici\u00e1rios do Programa Bolsa Fam\u00edlia e \u00e0s pessoas que est\u00e3o registradas no Cadastro \u00danico do Governo Federal ser\u00e1 realizado automaticamente, e elas n\u00e3o necessitar\u00e3o baixar o aplicativo que ser\u00e1 lan\u00e7ado na pr\u00f3xima ter\u00e7a-feira (7).&nbsp;<\/p>\n\n\n\n<p>Quem recebe pelo Bolsa Fam\u00edlia um pagamento menor que os R$ 600 do aux\u00edlio emergencial passa a receber o valor mais vantajoso automaticamente.<\/p>\n\n\n\n<p>\u201cQuem est\u00e1 no Bolsa Fam\u00edlia, fique tranquilo. Receber\u00e3o a partir de 16 de abril, que \u00e9 o calend\u00e1rio do programa. As pessoas v\u00e3o receber o que for mais vantajoso, o Bolsa Fam\u00edlia ou o aux\u00edlio emergencial. A Caixa vai pagar de R$ 600 para cima. Aquele que est\u00e1 no Bolsa Fam\u00edlia n\u00e3o precisa fazer nada no aplicativo\u201d, informou o ministro.<\/p>\n\n\n\n<p>O minist\u00e9rio informa tamb\u00e9m que quem n\u00e3o recebe o Bolsa Fam\u00edlia mas est\u00e1 no Cadastro \u00danico tamb\u00e9m deve come\u00e7ar a receber o aux\u00edlio emergencial na pr\u00f3xima semana. Esse p\u00fablico tamb\u00e9m n\u00e3o precisa baixar o aplicativo.<\/p>\n\n\n\n<p>O aux\u00edlio emergencial de R$ 600 ser\u00e1 pago aos trabalhadores informais, trabalhadores com contrato intermitente inativo, aut\u00f4nomos e microempreendedores individuais.<\/p>\n\n\n\n<p><strong>Veja quem direito ao aux\u00edlio emergencial:<\/strong><\/p>\n\n\n\n<p>1. Trabalhadores que cumpram uma das condi\u00e7\u00f5es:<br>a) Ser microempreendedor individual (MEI)<br>b) Ser contribuinte individual ou facultativo do Regime Geral de Previd\u00eancia Social (RGPS)<br>c) Ser trabalhador informal inscrito no Cadastro \u00danico \u2013 quem n\u00e3o estiver cadastrado poder\u00e1 fazer uma autodeclara\u00e7\u00e3o por sistema digital que est\u00e1 sendo desenvolvido pelo governo<br>d) Ter cumprido o requisito de renda m\u00e9dia at\u00e9 20 de mar\u00e7o de 2020<\/p>\n\n\n\n<p>2. Ter mais de 18 anos<\/p>\n\n\n\n<p>3. Fam\u00edlia com renda mensal per capita (por pessoa) de at\u00e9 meio sal\u00e1rio m\u00ednimo (R$ 522,50) ou renda familiar mensal total de at\u00e9 tr\u00eas sal\u00e1rios m\u00ednimos (R$ 3.135)<\/p>\n\n\n\n<p>4. N\u00e3o ter tido rendimentos tribut\u00e1veis, em 2018, acima de R$ 28.559,70.<\/p>\n","protected":false},"excerpt":{"rendered":"<p>Sobre o aux\u00edlio emergencial de R$ 600 que o governo vai pagar a quem est\u00e1 sem renda por conta da pandemia do coronav\u00edrus, quem tem&hellip; <\/p>\n","protected":false},"author":2,"featured_media":163190,"comment_status":"closed","ping_status":"closed","sticky":false,"template":"","format":"standard","meta":{"sfsi_plus_gutenberg_text_before_share":"","sfsi_plus_gutenberg_show_text_before_share":"","sfsi_plus_gutenberg_icon_type":"","sfsi_plus_gutenberg_icon_alignemt":"","sfsi_plus_gutenburg_max_per_row":"","footnotes":""},"categories":[50,2],"tags":[],"class_list":["post-163599","post","type-post","status-publish","format-standard","has-post-thumbnail","hentry","category-destaque","category-geral"],"_links":{"self":[{"href":"https:\/\/www.caririemacao.com\/1\/wp-json\/wp\/v2\/posts\/163599","targetHints":{"allow":["GET"]}}],"collection":[{"href":"https:\/\/www.caririemacao.com\/1\/wp-json\/wp\/v2\/posts"}],"about":[{"href":"https:\/\/www.caririemacao.com\/1\/wp-json\/wp\/v2\/types\/post"}],"author":[{"embeddable":true,"href":"https:\/\/www.caririemacao.com\/1\/wp-json\/wp\/v2\/users\/2"}],"replies":[{"embeddable":true,"href":"https:\/\/www.caririemacao.com\/1\/wp-json\/wp\/v2\/comments?post=163599"}],"version-history":[{"count":1,"href":"https:\/\/www.caririemacao.com\/1\/wp-json\/wp\/v2\/posts\/163599\/revisions"}],"predecessor-version":[{"id":163600,"href":"https:\/\/www.caririemacao.com\/1\/wp-json\/wp\/v2\/posts\/163599\/revisions\/163600"}],"wp:featuredmedia":[{"embeddable":true,"href":"https:\/\/www.caririemacao.com\/1\/wp-json\/wp\/v2\/media\/163190"}],"wp:attachment":[{"href":"https:\/\/www.caririemacao.com\/1\/wp-json\/wp\/v2\/media?parent=163599"}],"wp:term":[{"taxonomy":"category","embeddable":true,"href":"https:\/\/www.caririemacao.com\/1\/wp-json\/wp\/v2\/categories?post=163599"},{"taxonomy":"post_tag","embeddable":true,"href":"https:\/\/www.caririemacao.com\/1\/wp-json\/wp\/v2\/tags?post=163599"}],"curies":[{"name":"wp","href":"https:\/\/api.w.org\/{rel}","templated":true}]}}