{"id":163607,"date":"2020-04-13T11:38:01","date_gmt":"2020-04-13T14:38:01","guid":{"rendered":"http:\/\/www.caririemacao.com\/1\/?p=163607"},"modified":"2020-04-13T11:38:03","modified_gmt":"2020-04-13T14:38:03","slug":"numeros-de-casos-de-coronavirus-na-paraiba-aumenta-217-em-oito-dias","status":"publish","type":"post","link":"https:\/\/www.caririemacao.com\/1\/2020\/04\/13\/numeros-de-casos-de-coronavirus-na-paraiba-aumenta-217-em-oito-dias\/","title":{"rendered":"N\u00fameros de casos de coronav\u00edrus na Para\u00edba aumenta 217% em oito dias"},"content":{"rendered":"\n<p>O n\u00famero de casos confirmados da Covid-19, doen\u00e7a causada pelo novo coronav\u00edrus, aumentou 217% em apenas oito dias na Para\u00edba. O n\u00famero saiu de 35, no dia 5 de abril, para 111, nesse domingo (12). O aumento confirma previs\u00f5es das autoridades em sa\u00fade que apontavam um pico de contamina\u00e7\u00e3o no estado no m\u00eas de abril.<\/p>\n\n\n\n<p>Tamb\u00e9m ontem, a Para\u00edba zerou a fila de an\u00e1lise de amostras vi\u00e1veis de investiga\u00e7\u00e3o da Covid-19, no Laborat\u00f3rio Central de Sa\u00fade P\u00fablica (Lacen-PB), ligado \u00e0 Secretaria de Estado da Sa\u00fade. A partir desta segunda-feira (13), o resultado dos exames acompanha o movimento da curva ascendente da doen\u00e7a, em tempo oportuno.<\/p>\n\n\n\n<p>Para os casos leves, o governo j\u00e1 adquiriu 200 mil testes e aguarda a chegada para divulgar os detalhes. O Lacen tem capacidade para realizar 120 exames por dia.<\/p>\n\n\n\n<p><strong>MaisPB<\/strong><\/p>\n\n\n\n<p><\/p>\n","protected":false},"excerpt":{"rendered":"<p>O n\u00famero de casos confirmados da Covid-19, doen\u00e7a causada pelo novo coronav\u00edrus, aumentou 217% em apenas oito dias na Para\u00edba. O n\u00famero saiu de 35,&hellip; <\/p>\n","protected":false},"author":2,"featured_media":163608,"comment_status":"closed","ping_status":"closed","sticky":false,"template":"","format":"standard","meta":{"sfsi_plus_gutenberg_text_before_share":"","sfsi_plus_gutenberg_show_text_before_share":"","sfsi_plus_gutenberg_icon_type":"","sfsi_plus_gutenberg_icon_alignemt":"","sfsi_plus_gutenburg_max_per_row":"","footnotes":""},"categories":[50,16],"tags":[],"class_list":["post-163607","post","type-post","status-publish","format-standard","has-post-thumbnail","hentry","category-destaque","category-saude"],"_links":{"self":[{"href":"https:\/\/www.caririemacao.com\/1\/wp-json\/wp\/v2\/posts\/163607","targetHints":{"allow":["GET"]}}],"collection":[{"href":"https:\/\/www.caririemacao.com\/1\/wp-json\/wp\/v2\/posts"}],"about":[{"href":"https:\/\/www.caririemacao.com\/1\/wp-json\/wp\/v2\/types\/post"}],"author":[{"embeddable":true,"href":"https:\/\/www.caririemacao.com\/1\/wp-json\/wp\/v2\/users\/2"}],"replies":[{"embeddable":true,"href":"https:\/\/www.caririemacao.com\/1\/wp-json\/wp\/v2\/comments?post=163607"}],"version-history":[{"count":1,"href":"https:\/\/www.caririemacao.com\/1\/wp-json\/wp\/v2\/posts\/163607\/revisions"}],"predecessor-version":[{"id":163609,"href":"https:\/\/www.caririemacao.com\/1\/wp-json\/wp\/v2\/posts\/163607\/revisions\/163609"}],"wp:featuredmedia":[{"embeddable":true,"href":"https:\/\/www.caririemacao.com\/1\/wp-json\/wp\/v2\/media\/163608"}],"wp:attachment":[{"href":"https:\/\/www.caririemacao.com\/1\/wp-json\/wp\/v2\/media?parent=163607"}],"wp:term":[{"taxonomy":"category","embeddable":true,"href":"https:\/\/www.caririemacao.com\/1\/wp-json\/wp\/v2\/categories?post=163607"},{"taxonomy":"post_tag","embeddable":true,"href":"https:\/\/www.caririemacao.com\/1\/wp-json\/wp\/v2\/tags?post=163607"}],"curies":[{"name":"wp","href":"https:\/\/api.w.org\/{rel}","templated":true}]}}