{"id":163611,"date":"2020-04-13T11:39:24","date_gmt":"2020-04-13T14:39:24","guid":{"rendered":"http:\/\/www.caririemacao.com\/1\/?p=163611"},"modified":"2020-04-13T11:39:25","modified_gmt":"2020-04-13T14:39:25","slug":"paraiba-registra-mais-dez-casos-de-coronavirus-em-24-horas-2","status":"publish","type":"post","link":"https:\/\/www.caririemacao.com\/1\/2020\/04\/13\/paraiba-registra-mais-dez-casos-de-coronavirus-em-24-horas-2\/","title":{"rendered":"Para\u00edba registra mais dez casos de coronav\u00edrus em 24 horas"},"content":{"rendered":"\n<p>A Secretaria de Estado da Sa\u00fade emitiu novo boletim epidemiol\u00f3gico do novo coronav\u00edrus na Para\u00edba. Entre ontem, 12, e hoje, 13, houve aumento de nove casos confirmados, chegando a 111 neste domingo.<\/p>\n\n\n\n<p>De acordo com o boletim, 43 casos j\u00e1 se recuperaram, 13 foram a \u00f3bito e sete est\u00e3o hospitalizados, tr\u00eas &nbsp;deles em leitos de UTI. Os demais se recuperam em isolamento domiciliar acompanhado pelas secretarias municipais de sa\u00fade.<\/p>\n\n\n\n<p>Os casos est\u00e3o distribu\u00eddos em 11 munic\u00edpios: Jo\u00e3o Pessoa (86), Santa Rita (07); Cabedelo (05); Patos (04); Campina Grande (03); Igaracy (01); Junco do Serid\u00f3 (01); Serra Branca (01), Sousa (01), Sap\u00e9 (01) e Bayeux (01).<\/p>\n\n\n\n<p>No momento, 72 pessoas est\u00e3o internadas com notifica\u00e7\u00e3o de suspeita para Covid-19, sendo 60 em enfermaria (38 p\u00fablico\/ 22 privado) e 12 na UTI (8 p\u00fablico\/ 4 privado). Os demais hospitalizados e com resultado n\u00e3o detect\u00e1vel seguem em investiga\u00e7\u00e3o para demais v\u00edrus.<\/p>\n\n\n\n<p>A secretaria de Estado da Sa\u00fade publicar\u00e1 Boletim Epidemiol\u00f3gico na pr\u00f3xima ter\u00e7a, 14 de abril, onde trar\u00e1 o perfil dos casos confirmados na Para\u00edba.<\/p>\n","protected":false},"excerpt":{"rendered":"<p>A Secretaria de Estado da Sa\u00fade emitiu novo boletim epidemiol\u00f3gico do novo coronav\u00edrus na Para\u00edba. Entre ontem, 12, e hoje, 13, houve aumento de nove&hellip; <\/p>\n","protected":false},"author":2,"featured_media":163612,"comment_status":"closed","ping_status":"closed","sticky":false,"template":"","format":"standard","meta":{"sfsi_plus_gutenberg_text_before_share":"","sfsi_plus_gutenberg_show_text_before_share":"","sfsi_plus_gutenberg_icon_type":"","sfsi_plus_gutenberg_icon_alignemt":"","sfsi_plus_gutenburg_max_per_row":"","footnotes":""},"categories":[2],"tags":[],"class_list":["post-163611","post","type-post","status-publish","format-standard","has-post-thumbnail","hentry","category-geral"],"_links":{"self":[{"href":"https:\/\/www.caririemacao.com\/1\/wp-json\/wp\/v2\/posts\/163611","targetHints":{"allow":["GET"]}}],"collection":[{"href":"https:\/\/www.caririemacao.com\/1\/wp-json\/wp\/v2\/posts"}],"about":[{"href":"https:\/\/www.caririemacao.com\/1\/wp-json\/wp\/v2\/types\/post"}],"author":[{"embeddable":true,"href":"https:\/\/www.caririemacao.com\/1\/wp-json\/wp\/v2\/users\/2"}],"replies":[{"embeddable":true,"href":"https:\/\/www.caririemacao.com\/1\/wp-json\/wp\/v2\/comments?post=163611"}],"version-history":[{"count":1,"href":"https:\/\/www.caririemacao.com\/1\/wp-json\/wp\/v2\/posts\/163611\/revisions"}],"predecessor-version":[{"id":163613,"href":"https:\/\/www.caririemacao.com\/1\/wp-json\/wp\/v2\/posts\/163611\/revisions\/163613"}],"wp:featuredmedia":[{"embeddable":true,"href":"https:\/\/www.caririemacao.com\/1\/wp-json\/wp\/v2\/media\/163612"}],"wp:attachment":[{"href":"https:\/\/www.caririemacao.com\/1\/wp-json\/wp\/v2\/media?parent=163611"}],"wp:term":[{"taxonomy":"category","embeddable":true,"href":"https:\/\/www.caririemacao.com\/1\/wp-json\/wp\/v2\/categories?post=163611"},{"taxonomy":"post_tag","embeddable":true,"href":"https:\/\/www.caririemacao.com\/1\/wp-json\/wp\/v2\/tags?post=163611"}],"curies":[{"name":"wp","href":"https:\/\/api.w.org\/{rel}","templated":true}]}}