{"id":163614,"date":"2020-04-13T11:42:40","date_gmt":"2020-04-13T14:42:40","guid":{"rendered":"http:\/\/www.caririemacao.com\/1\/?p=163614"},"modified":"2020-04-13T11:42:42","modified_gmt":"2020-04-13T14:42:42","slug":"geraldo-medeiros-admite-subnotificacao-em-casos-de-covid-19-nao-ha-como-testar-toda-a-populacao","status":"publish","type":"post","link":"https:\/\/www.caririemacao.com\/1\/2020\/04\/13\/geraldo-medeiros-admite-subnotificacao-em-casos-de-covid-19-nao-ha-como-testar-toda-a-populacao\/","title":{"rendered":"Geraldo Medeiros admite subnotifica\u00e7\u00e3o em casos de Covid-19: &#8221;N\u00e3o h\u00e1 como testar toda a popula\u00e7\u00e3o&#8221;"},"content":{"rendered":"\n<p>O secret\u00e1rio de Sa\u00fade da Para\u00edba, Geraldo Medeiros, admitiu, em entrevista na manh\u00e3 desta segunda-feira (13), que h\u00e1 subnotifica\u00e7\u00e3o dos casos de Covid-19 no estado. &#8221;A subnotifica\u00e7\u00e3o existe em todo o mundo, n\u00e3o h\u00e1 como testar toda a popula\u00e7\u00e3o&#8221;, explicou.<\/p>\n\n\n\n<p>Ele garantiu, no entanto, que o Estado tem feito esfor\u00e7os para amenizar esse problema. &#8220;Essa semana vamos liberar os testes r\u00e1pidos, e o Lacen est\u00e1 fazendo 120 testes por dia, o PCR, que \u00e9 o teste mais seguro&#8221;, disse. &#8220;N\u00f3s j\u00e1 temos 10 mil testes r\u00e1pidos, que recebemos do Minist\u00e9rio da Sa\u00fade, e o estado comprou mais 200 mil, que estamos aguardando chegar&#8221;.&nbsp;<\/p>\n\n\n\n<p>Geraldo Medeiros explicou que, para serem usados, os testes precisam ser validados pelo Minist\u00e9rio da Sa\u00fade, mas logo que isso ocorrer, eles come\u00e7aram a ser usados nos profissionais da sa\u00fade e da seguran\u00e7a.&nbsp;<\/p>\n\n\n\n<p><strong>Epicentro&nbsp;<\/strong><\/p>\n\n\n\n<p>O secret\u00e1rio afirmou que Jo\u00e3o Pessoa \u00e9 o epicentro do novo coronav\u00edrus na Para\u00edba, concentrando 85% dos casos. Por isso, a prioridade foi organizar a estrutura hospitalar da Capital.<\/p>\n\n\n\n<p>&nbsp;&#8220;Por isso o governador alugou o Hospital Santa Paula, com 150 leitos. Tamb\u00e9m h\u00e1 130 leitos no hospital de campanha que foi montado ao lado do Hospital Metropolitano&#8221;, contou ele, acrescentando que os pacientes tamb\u00e9m contam com leitos do pr\u00f3prio Hospital Metropolitano, do Hospital Clementino Fraga e do Hospital Universit\u00e1rio Lauro Wanderley. &#8220;A estrutura hospitalar est\u00e1 montada em Jo\u00e3o Pessoa&#8221;.<\/p>\n\n\n\n<p>Em rela\u00e7\u00e3o aos profissionais para atender a esta demanda, o secret\u00e1rio explicou que foi necess\u00e1rio fazer uma segunda chamada da sele\u00e7\u00e3o para profissionais da \u00e1rea da sa\u00fade realizada pelo Governo do Estado. &#8220;Porque m\u00e9dicos intensivistas, de 300 vagas, 136 se inscreveram&#8221;, justificou. Segundo ele, \u00e9 importante que ter esses profissionais na reserva, at\u00e9 porque, muitos dos que atuam atualmente no combate \u00e0 doen\u00e7a v\u00e3o acabar adoecendo tamb\u00e9m e precisando ser afastados.<\/p>\n","protected":false},"excerpt":{"rendered":"<p>O secret\u00e1rio de Sa\u00fade da Para\u00edba, Geraldo Medeiros, admitiu, em entrevista na manh\u00e3 desta segunda-feira (13), que h\u00e1 subnotifica\u00e7\u00e3o dos casos de Covid-19 no estado.&hellip; <\/p>\n","protected":false},"author":2,"featured_media":163615,"comment_status":"closed","ping_status":"closed","sticky":false,"template":"","format":"standard","meta":{"sfsi_plus_gutenberg_text_before_share":"","sfsi_plus_gutenberg_show_text_before_share":"","sfsi_plus_gutenberg_icon_type":"","sfsi_plus_gutenberg_icon_alignemt":"","sfsi_plus_gutenburg_max_per_row":"","footnotes":""},"categories":[2],"tags":[],"class_list":["post-163614","post","type-post","status-publish","format-standard","has-post-thumbnail","hentry","category-geral"],"_links":{"self":[{"href":"https:\/\/www.caririemacao.com\/1\/wp-json\/wp\/v2\/posts\/163614","targetHints":{"allow":["GET"]}}],"collection":[{"href":"https:\/\/www.caririemacao.com\/1\/wp-json\/wp\/v2\/posts"}],"about":[{"href":"https:\/\/www.caririemacao.com\/1\/wp-json\/wp\/v2\/types\/post"}],"author":[{"embeddable":true,"href":"https:\/\/www.caririemacao.com\/1\/wp-json\/wp\/v2\/users\/2"}],"replies":[{"embeddable":true,"href":"https:\/\/www.caririemacao.com\/1\/wp-json\/wp\/v2\/comments?post=163614"}],"version-history":[{"count":1,"href":"https:\/\/www.caririemacao.com\/1\/wp-json\/wp\/v2\/posts\/163614\/revisions"}],"predecessor-version":[{"id":163616,"href":"https:\/\/www.caririemacao.com\/1\/wp-json\/wp\/v2\/posts\/163614\/revisions\/163616"}],"wp:featuredmedia":[{"embeddable":true,"href":"https:\/\/www.caririemacao.com\/1\/wp-json\/wp\/v2\/media\/163615"}],"wp:attachment":[{"href":"https:\/\/www.caririemacao.com\/1\/wp-json\/wp\/v2\/media?parent=163614"}],"wp:term":[{"taxonomy":"category","embeddable":true,"href":"https:\/\/www.caririemacao.com\/1\/wp-json\/wp\/v2\/categories?post=163614"},{"taxonomy":"post_tag","embeddable":true,"href":"https:\/\/www.caririemacao.com\/1\/wp-json\/wp\/v2\/tags?post=163614"}],"curies":[{"name":"wp","href":"https:\/\/api.w.org\/{rel}","templated":true}]}}