{"id":163617,"date":"2020-04-13T11:43:54","date_gmt":"2020-04-13T14:43:54","guid":{"rendered":"http:\/\/www.caririemacao.com\/1\/?p=163617"},"modified":"2020-04-13T11:43:56","modified_gmt":"2020-04-13T14:43:56","slug":"secretario-de-saude-chama-de-desvirtuamento-a-paraiba-ser-o-estado-que-menos-recebe-recursos-para-covid-19","status":"publish","type":"post","link":"https:\/\/www.caririemacao.com\/1\/2020\/04\/13\/secretario-de-saude-chama-de-desvirtuamento-a-paraiba-ser-o-estado-que-menos-recebe-recursos-para-covid-19\/","title":{"rendered":"Secret\u00e1rio de Sa\u00fade chama de desvirtuamento a Para\u00edba ser o estado que menos recebe recursos para covid-19"},"content":{"rendered":"\n<p>O secret\u00e1rio de Sa\u00fade da Para\u00edba, Geraldo Medeiros, afirmou que o fato de a Para\u00edba ser a unidade federativa que recebe menos recursos do Governo Federal para lidar com a pandemia de Covid-19 \u00e9 um &#8221;desvirtuamento que sobrecarrega o tesouro estadual&#8221;.<br><\/p>\n\n\n\n<p>A declara\u00e7\u00e3o foi dada em entrevista concedida nesta segunda-feira (13) ao programa Bom dia Para\u00edba, da TV Cabo Branco.<br><\/p>\n\n\n\n<p>Na semana passada, o Minist\u00e9rio da Sa\u00fade anunciou a&nbsp;<a href=\"https:\/\/www.clickpb.com.br\/saude\/estado-e-municipios-paraibanos-receberao-quase-r-70-milhoes-para-combater-covid-19-281950.html\">libera\u00e7\u00e3o de R$ 11,9 milh\u00f5es para o Estado<\/a>, al\u00e9m de R$ 58 milh\u00f5es para os 223 munic\u00edpios paraibanos. Desses valor, por\u00e9m, o estado s\u00f3 recebeu R$ 2,8 milh\u00f5es at\u00e9 agora, segundo e secret\u00e1rio.<br><\/p>\n\n\n\n<p>O senador paraibano&nbsp;<a href=\"https:\/\/www.clickpb.com.br\/politica\/veneziano-vital-questiona-criterios-para-que-paraiba-receba-os-menores-recursos-para-combate-ao-covid-19-281951.html\">Veneziano Vital prometeu questionar sobre os crit\u00e9rios<\/a>&nbsp;usados para calcular essas quantias na sess\u00e3o virtual do Senado Federal marcada para esta segunda-feira (13), conforme publicou o ClickPB.<\/p>\n\n\n\n<p>Veneziano defendeu que o governo divulgue os crit\u00e9rios, pois sob qualquer aspecto que se apresente, a Para\u00edba n\u00e3o figura em \u00faltimo lugar, dentre os estados nordestinos: a Para\u00edba n\u00e3o \u00e9 o menor estado em termos territoriais, nem de popula\u00e7\u00e3o ou arrecada\u00e7\u00e3o, est\u00e1 em 6\u00ba lugar no n\u00famero de casos confirmados de coronav\u00edrus e rodeado por estados que registram grande quantidade de casos, al\u00e9m de estar em dia com suas obriga\u00e7\u00f5es em rela\u00e7\u00e3o ao Tesouro Nacional.<\/p>\n","protected":false},"excerpt":{"rendered":"<p>O secret\u00e1rio de Sa\u00fade da Para\u00edba, Geraldo Medeiros, afirmou que o fato de a Para\u00edba ser a unidade federativa que recebe menos recursos do Governo&hellip; <\/p>\n","protected":false},"author":2,"featured_media":163618,"comment_status":"closed","ping_status":"closed","sticky":false,"template":"","format":"standard","meta":{"sfsi_plus_gutenberg_text_before_share":"","sfsi_plus_gutenberg_show_text_before_share":"","sfsi_plus_gutenberg_icon_type":"","sfsi_plus_gutenberg_icon_alignemt":"","sfsi_plus_gutenburg_max_per_row":"","footnotes":""},"categories":[2],"tags":[],"class_list":["post-163617","post","type-post","status-publish","format-standard","has-post-thumbnail","hentry","category-geral"],"_links":{"self":[{"href":"https:\/\/www.caririemacao.com\/1\/wp-json\/wp\/v2\/posts\/163617","targetHints":{"allow":["GET"]}}],"collection":[{"href":"https:\/\/www.caririemacao.com\/1\/wp-json\/wp\/v2\/posts"}],"about":[{"href":"https:\/\/www.caririemacao.com\/1\/wp-json\/wp\/v2\/types\/post"}],"author":[{"embeddable":true,"href":"https:\/\/www.caririemacao.com\/1\/wp-json\/wp\/v2\/users\/2"}],"replies":[{"embeddable":true,"href":"https:\/\/www.caririemacao.com\/1\/wp-json\/wp\/v2\/comments?post=163617"}],"version-history":[{"count":1,"href":"https:\/\/www.caririemacao.com\/1\/wp-json\/wp\/v2\/posts\/163617\/revisions"}],"predecessor-version":[{"id":163619,"href":"https:\/\/www.caririemacao.com\/1\/wp-json\/wp\/v2\/posts\/163617\/revisions\/163619"}],"wp:featuredmedia":[{"embeddable":true,"href":"https:\/\/www.caririemacao.com\/1\/wp-json\/wp\/v2\/media\/163618"}],"wp:attachment":[{"href":"https:\/\/www.caririemacao.com\/1\/wp-json\/wp\/v2\/media?parent=163617"}],"wp:term":[{"taxonomy":"category","embeddable":true,"href":"https:\/\/www.caririemacao.com\/1\/wp-json\/wp\/v2\/categories?post=163617"},{"taxonomy":"post_tag","embeddable":true,"href":"https:\/\/www.caririemacao.com\/1\/wp-json\/wp\/v2\/tags?post=163617"}],"curies":[{"name":"wp","href":"https:\/\/api.w.org\/{rel}","templated":true}]}}