{"id":163621,"date":"2020-04-13T11:45:35","date_gmt":"2020-04-13T14:45:35","guid":{"rendered":"http:\/\/www.caririemacao.com\/1\/?p=163621"},"modified":"2020-04-13T19:42:45","modified_gmt":"2020-04-13T22:42:45","slug":"policia-podera-mandar-pessoas-pra-dentro-de-casa-na-paraiba","status":"publish","type":"post","link":"https:\/\/www.caririemacao.com\/1\/2020\/04\/13\/policia-podera-mandar-pessoas-pra-dentro-de-casa-na-paraiba\/","title":{"rendered":"Pol\u00edcia poder\u00e1 mandar pessoas pra dentro de casa na Para\u00edba"},"content":{"rendered":"\n<p>O secret\u00e1rio estadual de Sa\u00fade, m\u00e9dico Geraldo Medeiros, voltou a ressaltar em entrevista a imprensa a do distanciamento social para que a Para\u00edba continue o combate contra o novo coronav\u00edrus. Segundo secret\u00e1rio, na Para\u00edba h\u00e1 leitos suficientes para os infectados, ele comentou ainda sobre o pico da doen\u00e7a para as pr\u00f3ximas semanas no estado e os motivos pelo qual pessoas temem em desobedecer os pedidos das entidades de sa\u00fade para se manter o distanciamento social.<\/p>\n\n\n\n<p>\u201cTemos 60 leitos de UTI no Sert\u00e3o e Alto Sert\u00e3o, temos 20 leitos de UTI no Hospital Metropolitano e temos leitos de UTI que est\u00e3o sendo habilitados; no Hospital Pedro I temos 20 leitos de UTI, no Hospital Alcides Carneiro, temos 12 leitos de UTI, no Hospital de Emerg\u00eancia e Trauma temos 20 leitos. A rede hospitalar est\u00e1 montada para pacientes com coronav\u00edrus\u201d, comentou o m\u00e9dico.<\/p>\n\n\n\n<p>Questionado como est\u00e1 a perspectiva da SES para as pr\u00f3ximas semanas de novos casos de Covid-19. O secret\u00e1rio respondeu:&nbsp; \u201cH\u00e1 uma previs\u00e3o de aumento no n\u00famero de casos a partir da segunda quinzena de abril e primeira quinzena de maio. O Estado est\u00e1 pronto para lidar com este poss\u00edvel aumento quantitativo do n\u00famero de casos. Temos tamb\u00e9m os hospitais privados com leitos de enfermaria e tamb\u00e9m leitos de UTI. Como esta doen\u00e7a come\u00e7ou nas classes A e B, a tend\u00eancia foi um percentual grande de pacientes se internarem em hospitais privados\u201d, comentou Geraldo.<\/p>\n\n\n\n<p>O m\u00e9dico relatou em sua opini\u00e3o ainda, os motivos de tantas pessoas ainda n\u00e3o terem atendido ao pedido de isolamento social. \u201cIsto \u00e9 inerente ao ser humano. Esta insensatez n\u00e3o \u00e9 exclusiva do Brasil. Vimos na It\u00e1lia, outros pa\u00edses da Europa, com a pol\u00edcia tendo que mandar as pessoas para casa. E \u00e9 isto que o governo estadual poder\u00e1 ter que fazer no sentido de inibir a circula\u00e7\u00e3o de pessoas e, consequentemente, a circula\u00e7\u00e3o viral, reduzindo o n\u00famero de casos e de mortes\u201d, finalizou.<\/p>\n\n\n\n<p><em>PB Agora<\/em><\/p>\n","protected":false},"excerpt":{"rendered":"<p>O secret\u00e1rio estadual de Sa\u00fade, m\u00e9dico Geraldo Medeiros, voltou a ressaltar em entrevista a imprensa a do distanciamento social para que a Para\u00edba continue o&hellip; <\/p>\n","protected":false},"author":2,"featured_media":163622,"comment_status":"closed","ping_status":"closed","sticky":false,"template":"","format":"standard","meta":{"sfsi_plus_gutenberg_text_before_share":"","sfsi_plus_gutenberg_show_text_before_share":"","sfsi_plus_gutenberg_icon_type":"","sfsi_plus_gutenberg_icon_alignemt":"","sfsi_plus_gutenburg_max_per_row":"","footnotes":""},"categories":[2],"tags":[],"class_list":["post-163621","post","type-post","status-publish","format-standard","has-post-thumbnail","hentry","category-geral"],"_links":{"self":[{"href":"https:\/\/www.caririemacao.com\/1\/wp-json\/wp\/v2\/posts\/163621","targetHints":{"allow":["GET"]}}],"collection":[{"href":"https:\/\/www.caririemacao.com\/1\/wp-json\/wp\/v2\/posts"}],"about":[{"href":"https:\/\/www.caririemacao.com\/1\/wp-json\/wp\/v2\/types\/post"}],"author":[{"embeddable":true,"href":"https:\/\/www.caririemacao.com\/1\/wp-json\/wp\/v2\/users\/2"}],"replies":[{"embeddable":true,"href":"https:\/\/www.caririemacao.com\/1\/wp-json\/wp\/v2\/comments?post=163621"}],"version-history":[{"count":3,"href":"https:\/\/www.caririemacao.com\/1\/wp-json\/wp\/v2\/posts\/163621\/revisions"}],"predecessor-version":[{"id":163671,"href":"https:\/\/www.caririemacao.com\/1\/wp-json\/wp\/v2\/posts\/163621\/revisions\/163671"}],"wp:featuredmedia":[{"embeddable":true,"href":"https:\/\/www.caririemacao.com\/1\/wp-json\/wp\/v2\/media\/163622"}],"wp:attachment":[{"href":"https:\/\/www.caririemacao.com\/1\/wp-json\/wp\/v2\/media?parent=163621"}],"wp:term":[{"taxonomy":"category","embeddable":true,"href":"https:\/\/www.caririemacao.com\/1\/wp-json\/wp\/v2\/categories?post=163621"},{"taxonomy":"post_tag","embeddable":true,"href":"https:\/\/www.caririemacao.com\/1\/wp-json\/wp\/v2\/tags?post=163621"}],"curies":[{"name":"wp","href":"https:\/\/api.w.org\/{rel}","templated":true}]}}