{"id":163628,"date":"2020-04-13T11:49:58","date_gmt":"2020-04-13T14:49:58","guid":{"rendered":"http:\/\/www.caririemacao.com\/1\/?p=163628"},"modified":"2020-04-13T11:50:00","modified_gmt":"2020-04-13T14:50:00","slug":"prefeita-de-ouro-velho-anuncia-novas-obras-e-antecipa-pagamento-de-abril-dos-servidores","status":"publish","type":"post","link":"https:\/\/www.caririemacao.com\/1\/2020\/04\/13\/prefeita-de-ouro-velho-anuncia-novas-obras-e-antecipa-pagamento-de-abril-dos-servidores\/","title":{"rendered":"Prefeita de Ouro Velho anuncia novas obras e antecipa pagamento de abril dos servidores"},"content":{"rendered":"\n<p>A Prefeita de Ouro Velho, Nat\u00e1lia de Dr. J\u00fanior, anunciou que a gest\u00e3o municipal ir\u00e1 realizar a pavimenta\u00e7\u00e3o de mais tr\u00eas ruas da cidade. A licita\u00e7\u00e3o para a obra j\u00e1 est\u00e1 na fase final.<\/p>\n\n\n\n<p>A gestora ainda anunciou a constru\u00e7\u00e3o de arquibancadas com cobertura no est\u00e1dio municipal de futebol, al\u00e9m de cabine de transmiss\u00e3o e ilumina\u00e7\u00e3o do est\u00e1dio, e tamb\u00e9m a nova ilumina\u00e7\u00e3o da Rua Edson Correia. Todas essas obras ser\u00e3o custeadas com recursos pr\u00f3prios.<\/p>\n\n\n\n<p>Nat\u00e1lia de Dr. J\u00fanior ainda destacou que a reforma do clube municipal est\u00e1 a todo vapor, e tamb\u00e9m est\u00e1 sendo constru\u00eddo o Centro de Reabilita\u00e7\u00e3o de Fisioterapia.<\/p>\n\n\n\n<p>Uma boa not\u00edcia, que j\u00e1 \u00e9 costumeira para vida dos servidores municipais, tamb\u00e9m foi anunciada. A Prefeitura antecipar\u00e1 o pagamento do sal\u00e1rio de m\u00eas de abril, mesmo diante da crise, gra\u00e7as ao equil\u00edbrio financeiro da gest\u00e3o e planejamento.<\/p>\n\n\n\n<p>Por fim, Nat\u00e1lia ainda afirmou que obra da nova escola que ser\u00e1 constru\u00edda pelo Governo do Estado dever\u00e1 ser iniciada ainda est\u00e1 semana, gra\u00e7as a uma parceria com o governo municipal.<\/p>\n","protected":false},"excerpt":{"rendered":"<p>A Prefeita de Ouro Velho, Nat\u00e1lia de Dr. J\u00fanior, anunciou que a gest\u00e3o municipal ir\u00e1 realizar a pavimenta\u00e7\u00e3o de mais tr\u00eas ruas da cidade. A&hellip; <\/p>\n","protected":false},"author":2,"featured_media":163629,"comment_status":"closed","ping_status":"closed","sticky":false,"template":"","format":"standard","meta":{"sfsi_plus_gutenberg_text_before_share":"","sfsi_plus_gutenberg_show_text_before_share":"","sfsi_plus_gutenberg_icon_type":"","sfsi_plus_gutenberg_icon_alignemt":"","sfsi_plus_gutenburg_max_per_row":"","footnotes":""},"categories":[2],"tags":[],"class_list":["post-163628","post","type-post","status-publish","format-standard","has-post-thumbnail","hentry","category-geral"],"_links":{"self":[{"href":"https:\/\/www.caririemacao.com\/1\/wp-json\/wp\/v2\/posts\/163628","targetHints":{"allow":["GET"]}}],"collection":[{"href":"https:\/\/www.caririemacao.com\/1\/wp-json\/wp\/v2\/posts"}],"about":[{"href":"https:\/\/www.caririemacao.com\/1\/wp-json\/wp\/v2\/types\/post"}],"author":[{"embeddable":true,"href":"https:\/\/www.caririemacao.com\/1\/wp-json\/wp\/v2\/users\/2"}],"replies":[{"embeddable":true,"href":"https:\/\/www.caririemacao.com\/1\/wp-json\/wp\/v2\/comments?post=163628"}],"version-history":[{"count":1,"href":"https:\/\/www.caririemacao.com\/1\/wp-json\/wp\/v2\/posts\/163628\/revisions"}],"predecessor-version":[{"id":163630,"href":"https:\/\/www.caririemacao.com\/1\/wp-json\/wp\/v2\/posts\/163628\/revisions\/163630"}],"wp:featuredmedia":[{"embeddable":true,"href":"https:\/\/www.caririemacao.com\/1\/wp-json\/wp\/v2\/media\/163629"}],"wp:attachment":[{"href":"https:\/\/www.caririemacao.com\/1\/wp-json\/wp\/v2\/media?parent=163628"}],"wp:term":[{"taxonomy":"category","embeddable":true,"href":"https:\/\/www.caririemacao.com\/1\/wp-json\/wp\/v2\/categories?post=163628"},{"taxonomy":"post_tag","embeddable":true,"href":"https:\/\/www.caririemacao.com\/1\/wp-json\/wp\/v2\/tags?post=163628"}],"curies":[{"name":"wp","href":"https:\/\/api.w.org\/{rel}","templated":true}]}}