{"id":163638,"date":"2020-04-13T12:55:20","date_gmt":"2020-04-13T15:55:20","guid":{"rendered":"http:\/\/www.caririemacao.com\/1\/?p=163638"},"modified":"2020-04-13T12:55:22","modified_gmt":"2020-04-13T15:55:22","slug":"camara-de-caraubas-resolve-prorrogar-decreto-que-restringe-atividades-legislativas","status":"publish","type":"post","link":"https:\/\/www.caririemacao.com\/1\/2020\/04\/13\/camara-de-caraubas-resolve-prorrogar-decreto-que-restringe-atividades-legislativas\/","title":{"rendered":"C\u00e2mara de Cara\u00fabas resolve prorrogar decreto que restringe atividades legislativas"},"content":{"rendered":"\n<p>O presidente da C\u00e2mara Municipal de Cara\u00fabas, vereador Jos\u00e9 Franco Nero, resolve prorrogar o decreto com restri\u00e7\u00f5es das atividades do Poder Legislativo municipal que promovam aglomera\u00e7\u00f5es.<\/p>\n\n\n\n<p>Segundo o presidente, a medida \u00e9 baseada nas necessidades e urgentes medidas locais e globais.<\/p>\n\n\n\n<p>De acordo com as medidas, fica suspensa, pelo per\u00edodo de mais 15 (quinze) dias, com a possibilidade de prorroga\u00e7\u00e3o da medida, a realiza\u00e7\u00e3o de Sess\u00f5es de qualquer natureza, seja ordin\u00e1ria, solene, especial ou extraordin\u00e1ria.<\/p>\n\n\n\n<p>Fica tamb\u00e9m suspenso tamb\u00e9m, por per\u00edodo adicional de 15 (quinze) dias, com a possibilidade de nova prorroga\u00e7\u00e3o da medida, o uso dos audit\u00f3rio\/plen\u00e1rio, salas de reuni\u00f5es gabinete da presid\u00eancia e demais reparti\u00e7\u00f5es da c\u00e2mara de vereadores de Cara\u00fabas\/PB. Ficando ainda, mantida a suspens\u00e3o, por conseguinte, a realiza\u00e7\u00e3o de audi\u00eancias p\u00fablicas nas depend\u00eancias do Legislativo, de modo que as audi\u00eancias j\u00e1 agendadas ser\u00e3o canceladas e remarcadas.<\/p>\n\n\n\n<p>O presidente Nero refor\u00e7a as medidas preventivas de controle da pandemia, como uso de \u00e1lcool em gel e materiais descart\u00e1veis, como toalhas de papel, utilizados na higieniza\u00e7\u00e3o de m\u00e3os e rosto;<\/p>\n\n\n\n<p>&#8220;Com a compreens\u00e3o e colabora\u00e7\u00e3o de todos, certamente vamos controlar com efici\u00eancia o avan\u00e7o do coronav\u00edrus em nosso estado e evitar casos em nossa cidade&#8221;, finalizou.<\/p>\n","protected":false},"excerpt":{"rendered":"<p>O presidente da C\u00e2mara Municipal de Cara\u00fabas, vereador Jos\u00e9 Franco Nero, resolve prorrogar o decreto com restri\u00e7\u00f5es das atividades do Poder Legislativo municipal que promovam&hellip; <\/p>\n","protected":false},"author":1,"featured_media":163639,"comment_status":"closed","ping_status":"closed","sticky":false,"template":"","format":"standard","meta":{"sfsi_plus_gutenberg_text_before_share":"","sfsi_plus_gutenberg_show_text_before_share":"","sfsi_plus_gutenberg_icon_type":"","sfsi_plus_gutenberg_icon_alignemt":"","sfsi_plus_gutenburg_max_per_row":"","footnotes":""},"categories":[6,50],"tags":[],"class_list":["post-163638","post","type-post","status-publish","format-standard","has-post-thumbnail","hentry","category-cidades","category-destaque"],"_links":{"self":[{"href":"https:\/\/www.caririemacao.com\/1\/wp-json\/wp\/v2\/posts\/163638","targetHints":{"allow":["GET"]}}],"collection":[{"href":"https:\/\/www.caririemacao.com\/1\/wp-json\/wp\/v2\/posts"}],"about":[{"href":"https:\/\/www.caririemacao.com\/1\/wp-json\/wp\/v2\/types\/post"}],"author":[{"embeddable":true,"href":"https:\/\/www.caririemacao.com\/1\/wp-json\/wp\/v2\/users\/1"}],"replies":[{"embeddable":true,"href":"https:\/\/www.caririemacao.com\/1\/wp-json\/wp\/v2\/comments?post=163638"}],"version-history":[{"count":1,"href":"https:\/\/www.caririemacao.com\/1\/wp-json\/wp\/v2\/posts\/163638\/revisions"}],"predecessor-version":[{"id":163640,"href":"https:\/\/www.caririemacao.com\/1\/wp-json\/wp\/v2\/posts\/163638\/revisions\/163640"}],"wp:featuredmedia":[{"embeddable":true,"href":"https:\/\/www.caririemacao.com\/1\/wp-json\/wp\/v2\/media\/163639"}],"wp:attachment":[{"href":"https:\/\/www.caririemacao.com\/1\/wp-json\/wp\/v2\/media?parent=163638"}],"wp:term":[{"taxonomy":"category","embeddable":true,"href":"https:\/\/www.caririemacao.com\/1\/wp-json\/wp\/v2\/categories?post=163638"},{"taxonomy":"post_tag","embeddable":true,"href":"https:\/\/www.caririemacao.com\/1\/wp-json\/wp\/v2\/tags?post=163638"}],"curies":[{"name":"wp","href":"https:\/\/api.w.org\/{rel}","templated":true}]}}