{"id":163642,"date":"2020-04-13T13:50:32","date_gmt":"2020-04-13T16:50:32","guid":{"rendered":"http:\/\/www.caririemacao.com\/1\/?p=163642"},"modified":"2020-04-13T13:50:35","modified_gmt":"2020-04-13T16:50:35","slug":"nao-inscritos-no-cadunico-comecam-a-receber-auxilio-emergencial-nesta-terca-feira","status":"publish","type":"post","link":"https:\/\/www.caririemacao.com\/1\/2020\/04\/13\/nao-inscritos-no-cadunico-comecam-a-receber-auxilio-emergencial-nesta-terca-feira\/","title":{"rendered":"N\u00e3o inscritos no Cad\u00danico come\u00e7am a receber aux\u00edlio emergencial nesta ter\u00e7a-feira"},"content":{"rendered":"\n<p>O coordenador do Cadastro \u00danico em Campina Grande, Rubens Nascimento, afirmou que as pessoas que fizeram o cadastro no aplicativo ou pelo site do aux\u00edlio emergencial t\u00eam os dados analisados em at\u00e9 cinco dias \u00fateis pelo governo federal e podem come\u00e7ar a receber o valor de R$ 600 a partir da ter\u00e7a-feira (14).<\/p>\n\n\n\n<p>Ele explicou que, se um casal de trabalhadores informais mora na mesma resid\u00eancia e fez o cadastro, ambos podem receber o aux\u00edlio, somando R$ 1.200.<\/p>\n\n\n\n<p>Rubens destacou, durante entrevista \u00e0 R\u00e1dio Caturit\u00e9 FM, que pessoas que est\u00e3o no Cad\u00danico, n\u00e3o recebem Bolsa Fam\u00edlia e t\u00eam conta no Banco do Brasil ou na Caixa Econ\u00f4mica Federal, come\u00e7aram a receber desde a quinta-feira passada. Ele frisou que o calend\u00e1rio do pagamento do Bolsa Fam\u00edlia tem in\u00edcio na pr\u00f3xima quinta-feira, 16.<\/p>\n\n\n\n<p>\u2013 A previs\u00e3o de pagamento para os trabalhadores informais que n\u00e3o est\u00e3o no Cadastro \u00danico \u00e9 justamente a partir de amanh\u00e3, dia 14 \u2013 frisou.<\/p>\n\n\n\n<p>Rubens disse que o n\u00famero 111 \u00e9 destinado \u00e0 retirada de d\u00favidas junto ao governo federal. Ele ainda citou que existe o Zap Cad\u00danico para que a popula\u00e7\u00e3o possa sanar qualquer d\u00favida em rela\u00e7\u00e3o ao aux\u00edlio (83) 9 8654-9887.<\/p>\n","protected":false},"excerpt":{"rendered":"<p>O coordenador do Cadastro \u00danico em Campina Grande, Rubens Nascimento, afirmou que as pessoas que fizeram o cadastro no aplicativo ou pelo site do aux\u00edlio&hellip; <\/p>\n","protected":false},"author":2,"featured_media":161502,"comment_status":"closed","ping_status":"closed","sticky":false,"template":"","format":"standard","meta":{"sfsi_plus_gutenberg_text_before_share":"","sfsi_plus_gutenberg_show_text_before_share":"","sfsi_plus_gutenberg_icon_type":"","sfsi_plus_gutenberg_icon_alignemt":"","sfsi_plus_gutenburg_max_per_row":"","footnotes":""},"categories":[2],"tags":[],"class_list":["post-163642","post","type-post","status-publish","format-standard","has-post-thumbnail","hentry","category-geral"],"_links":{"self":[{"href":"https:\/\/www.caririemacao.com\/1\/wp-json\/wp\/v2\/posts\/163642","targetHints":{"allow":["GET"]}}],"collection":[{"href":"https:\/\/www.caririemacao.com\/1\/wp-json\/wp\/v2\/posts"}],"about":[{"href":"https:\/\/www.caririemacao.com\/1\/wp-json\/wp\/v2\/types\/post"}],"author":[{"embeddable":true,"href":"https:\/\/www.caririemacao.com\/1\/wp-json\/wp\/v2\/users\/2"}],"replies":[{"embeddable":true,"href":"https:\/\/www.caririemacao.com\/1\/wp-json\/wp\/v2\/comments?post=163642"}],"version-history":[{"count":1,"href":"https:\/\/www.caririemacao.com\/1\/wp-json\/wp\/v2\/posts\/163642\/revisions"}],"predecessor-version":[{"id":163643,"href":"https:\/\/www.caririemacao.com\/1\/wp-json\/wp\/v2\/posts\/163642\/revisions\/163643"}],"wp:featuredmedia":[{"embeddable":true,"href":"https:\/\/www.caririemacao.com\/1\/wp-json\/wp\/v2\/media\/161502"}],"wp:attachment":[{"href":"https:\/\/www.caririemacao.com\/1\/wp-json\/wp\/v2\/media?parent=163642"}],"wp:term":[{"taxonomy":"category","embeddable":true,"href":"https:\/\/www.caririemacao.com\/1\/wp-json\/wp\/v2\/categories?post=163642"},{"taxonomy":"post_tag","embeddable":true,"href":"https:\/\/www.caririemacao.com\/1\/wp-json\/wp\/v2\/tags?post=163642"}],"curies":[{"name":"wp","href":"https:\/\/api.w.org\/{rel}","templated":true}]}}