{"id":163655,"date":"2020-04-13T14:00:16","date_gmt":"2020-04-13T17:00:16","guid":{"rendered":"http:\/\/www.caririemacao.com\/1\/?p=163655"},"modified":"2020-04-13T14:00:18","modified_gmt":"2020-04-13T17:00:18","slug":"senador-jose-maranhao-apresenta-pec-de-adiamento-do-primeiro-turno-das-eleicoes","status":"publish","type":"post","link":"https:\/\/www.caririemacao.com\/1\/2020\/04\/13\/senador-jose-maranhao-apresenta-pec-de-adiamento-do-primeiro-turno-das-eleicoes\/","title":{"rendered":"Senador Jos\u00e9 Maranh\u00e3o apresenta PEC de adiamento do primeiro turno das elei\u00e7\u00f5es"},"content":{"rendered":"\n<div class=\"wp-block-image\"><figure class=\"aligncenter\"><img decoding=\"async\" data-src=\"http:\/\/deolhonocariri.com.br\/wp-content\/uploads\/2020\/04\/Maranh%C3%A3o1.jpg\" alt=\"\" class=\"wp-image-80613 lazyload\" src=\"data:image\/svg+xml;base64,PHN2ZyB3aWR0aD0iMSIgaGVpZ2h0PSIxIiB4bWxucz0iaHR0cDovL3d3dy53My5vcmcvMjAwMC9zdmciPjwvc3ZnPg==\" \/><\/figure><\/div>\n\n\n\n<p>O senador Jos\u00e9 Maranh\u00e3o apresentou uma PEC no Senado pedindo o adiamento do primeiro turno das elei\u00e7\u00f5es municipais deste ano. De acordo com o parlamentar, as novas datas seriam 1\u00ba de dezembro o primeiro turno e no \u00faltimo domingo do mesmo m\u00eas o segundo.<\/p>\n\n\n\n<p><strong>Confira:<\/strong><\/p>\n\n\n\n<p>Apresentei uma PEC no Senado para adiar o primeiro turno das elei\u00e7\u00f5es municipais. As novas datas seriam primeiro de dezembro no primeiro turno, e o \u00faltimo domingo do mesmo m\u00eas no segundo turno. A proposta estabelece ainda que todos os prazos referentes ao processo eleitoral de 2020 ficam adiados em dois meses, cabendo ao TSE divulgar novo calend\u00e1rio.<\/p>\n\n\n\n<p>Com a gravidade da pandemia do Coronav\u00edrus, est\u00e1 clara a impossibilidade de se cumprir o calend\u00e1rio eleitoral deste ano. As provid\u00eancias de sa\u00fade p\u00fablica se imp\u00f5em no momento e nos obrigam a, responsavelmente, tomar as medidas necess\u00e1rias para viabilizar a realiza\u00e7\u00e3o das elei\u00e7\u00f5es de forma segura. O adiamento para dezembro dar\u00e1 condi\u00e7\u00f5es para que sejam rigorosamente respeitados os mandatos dos atuais prefeitos, vice-prefeitos e vereadores.<\/p>\n\n\n\n<p>A medida se justifica na excepcional\u00edssima situa\u00e7\u00e3o em que a humanidade se encontra e que permitir\u00e1 que a democracia brasileira funcione, sem qualquer trauma, garantindo os princ\u00edpios fundamentais da periodicidade das elei\u00e7\u00f5es e da temporariedade dos mandatos.<\/p>\n","protected":false},"excerpt":{"rendered":"<p>O senador Jos\u00e9 Maranh\u00e3o apresentou uma PEC no Senado pedindo o adiamento do primeiro turno das elei\u00e7\u00f5es municipais deste ano. De acordo com o parlamentar,&hellip; <\/p>\n","protected":false},"author":2,"featured_media":163656,"comment_status":"closed","ping_status":"closed","sticky":false,"template":"","format":"standard","meta":{"sfsi_plus_gutenberg_text_before_share":"","sfsi_plus_gutenberg_show_text_before_share":"","sfsi_plus_gutenberg_icon_type":"","sfsi_plus_gutenberg_icon_alignemt":"","sfsi_plus_gutenburg_max_per_row":"","footnotes":""},"categories":[2],"tags":[],"class_list":["post-163655","post","type-post","status-publish","format-standard","has-post-thumbnail","hentry","category-geral"],"_links":{"self":[{"href":"https:\/\/www.caririemacao.com\/1\/wp-json\/wp\/v2\/posts\/163655","targetHints":{"allow":["GET"]}}],"collection":[{"href":"https:\/\/www.caririemacao.com\/1\/wp-json\/wp\/v2\/posts"}],"about":[{"href":"https:\/\/www.caririemacao.com\/1\/wp-json\/wp\/v2\/types\/post"}],"author":[{"embeddable":true,"href":"https:\/\/www.caririemacao.com\/1\/wp-json\/wp\/v2\/users\/2"}],"replies":[{"embeddable":true,"href":"https:\/\/www.caririemacao.com\/1\/wp-json\/wp\/v2\/comments?post=163655"}],"version-history":[{"count":1,"href":"https:\/\/www.caririemacao.com\/1\/wp-json\/wp\/v2\/posts\/163655\/revisions"}],"predecessor-version":[{"id":163657,"href":"https:\/\/www.caririemacao.com\/1\/wp-json\/wp\/v2\/posts\/163655\/revisions\/163657"}],"wp:featuredmedia":[{"embeddable":true,"href":"https:\/\/www.caririemacao.com\/1\/wp-json\/wp\/v2\/media\/163656"}],"wp:attachment":[{"href":"https:\/\/www.caririemacao.com\/1\/wp-json\/wp\/v2\/media?parent=163655"}],"wp:term":[{"taxonomy":"category","embeddable":true,"href":"https:\/\/www.caririemacao.com\/1\/wp-json\/wp\/v2\/categories?post=163655"},{"taxonomy":"post_tag","embeddable":true,"href":"https:\/\/www.caririemacao.com\/1\/wp-json\/wp\/v2\/tags?post=163655"}],"curies":[{"name":"wp","href":"https:\/\/api.w.org\/{rel}","templated":true}]}}