{"id":163664,"date":"2020-04-13T14:11:37","date_gmt":"2020-04-13T17:11:37","guid":{"rendered":"http:\/\/www.caririemacao.com\/1\/?p=163664"},"modified":"2020-04-13T14:11:40","modified_gmt":"2020-04-13T17:11:40","slug":"gestao-de-monteiro-adquire-testes-rapidos-de-covid-19-para-os-guerreiros-da-saude","status":"publish","type":"post","link":"https:\/\/www.caririemacao.com\/1\/2020\/04\/13\/gestao-de-monteiro-adquire-testes-rapidos-de-covid-19-para-os-guerreiros-da-saude\/","title":{"rendered":"Gest\u00e3o de Monteiro adquire testes r\u00e1pidos de Covid-19 para os &#8220;guerreiros da sa\u00fade&#8221;"},"content":{"rendered":"\n<p>A Prefeitura de Monteiro realizou a aquisi\u00e7\u00e3o de testes r\u00e1pidos para Covid-19 em mais uma a\u00e7\u00e3o estrat\u00e9gica no combate \u00e0 doen\u00e7a.<br>Os testes adquiridos pela administra\u00e7\u00e3o municipal ser\u00e3o destinados aos profissionais que atuam na \u00e1rea da sa\u00fade, tanto no munic\u00edpio quanto para a regi\u00e3o do Cariri, atrav\u00e9s de uma parceria com o Governo do Estado, que tamb\u00e9m disponibilizar\u00e1 os testes que estar\u00e3o dispon\u00edveis para os profissionais da Seguran\u00e7a P\u00fablica.<br>\u201cO intuito da compra destes testes \u00e9 resguardar os profissionais que est\u00e3o atuando, seja de sa\u00fade ou seguran\u00e7a p\u00fablica atrav\u00e9s da parceria com o Estado. Os testes tamb\u00e9m ser\u00e3o usados para descartar mais rapidamente algum caso que eventualmente seja investigado\u201d, informa a secret\u00e1ria de sa\u00fade Paula Oliveira.<br>A recomenda\u00e7\u00e3o, para o teste r\u00e1pido, \u00e9 que seja feito entre o 7\u00ba e 10\u00ba dia ap\u00f3s a apresenta\u00e7\u00e3o dos sintomas, diferente da coleta normal.<br>Os testes ser\u00e3o feitos no Centro de Especialidades M\u00e9dicas \u2013 CEMED atrav\u00e9s da equipe de enfermagem e t\u00e9cnicos por meio de agendamento para que sejam evitadas as aglomera\u00e7\u00f5es.&nbsp;<br>\u201cVamos usar estes testes para, principalmente, manter a seguran\u00e7a das pessoas que fazem a linha de frente no combate ao Coronav\u00edrus. Com muita f\u00e9 em Deus e com a ajuda de toda a popula\u00e7\u00e3o venceremos mais esta luta\u201d, comenta a prefeita Anna Lorena, que reafirma tamb\u00e9m que todas as medidas de seguran\u00e7a continuam v\u00e1lidas no munic\u00edpio.<\/p>\n","protected":false},"excerpt":{"rendered":"<p>A Prefeitura de Monteiro realizou a aquisi\u00e7\u00e3o de testes r\u00e1pidos para Covid-19 em mais uma a\u00e7\u00e3o estrat\u00e9gica no combate \u00e0 doen\u00e7a.Os testes adquiridos pela administra\u00e7\u00e3o&hellip; <\/p>\n","protected":false},"author":2,"featured_media":163508,"comment_status":"closed","ping_status":"closed","sticky":false,"template":"","format":"standard","meta":{"sfsi_plus_gutenberg_text_before_share":"","sfsi_plus_gutenberg_show_text_before_share":"","sfsi_plus_gutenberg_icon_type":"","sfsi_plus_gutenberg_icon_alignemt":"","sfsi_plus_gutenburg_max_per_row":"","footnotes":""},"categories":[50,2],"tags":[],"class_list":["post-163664","post","type-post","status-publish","format-standard","has-post-thumbnail","hentry","category-destaque","category-geral"],"_links":{"self":[{"href":"https:\/\/www.caririemacao.com\/1\/wp-json\/wp\/v2\/posts\/163664","targetHints":{"allow":["GET"]}}],"collection":[{"href":"https:\/\/www.caririemacao.com\/1\/wp-json\/wp\/v2\/posts"}],"about":[{"href":"https:\/\/www.caririemacao.com\/1\/wp-json\/wp\/v2\/types\/post"}],"author":[{"embeddable":true,"href":"https:\/\/www.caririemacao.com\/1\/wp-json\/wp\/v2\/users\/2"}],"replies":[{"embeddable":true,"href":"https:\/\/www.caririemacao.com\/1\/wp-json\/wp\/v2\/comments?post=163664"}],"version-history":[{"count":1,"href":"https:\/\/www.caririemacao.com\/1\/wp-json\/wp\/v2\/posts\/163664\/revisions"}],"predecessor-version":[{"id":163665,"href":"https:\/\/www.caririemacao.com\/1\/wp-json\/wp\/v2\/posts\/163664\/revisions\/163665"}],"wp:featuredmedia":[{"embeddable":true,"href":"https:\/\/www.caririemacao.com\/1\/wp-json\/wp\/v2\/media\/163508"}],"wp:attachment":[{"href":"https:\/\/www.caririemacao.com\/1\/wp-json\/wp\/v2\/media?parent=163664"}],"wp:term":[{"taxonomy":"category","embeddable":true,"href":"https:\/\/www.caririemacao.com\/1\/wp-json\/wp\/v2\/categories?post=163664"},{"taxonomy":"post_tag","embeddable":true,"href":"https:\/\/www.caririemacao.com\/1\/wp-json\/wp\/v2\/tags?post=163664"}],"curies":[{"name":"wp","href":"https:\/\/api.w.org\/{rel}","templated":true}]}}