{"id":163668,"date":"2020-04-13T18:11:44","date_gmt":"2020-04-13T21:11:44","guid":{"rendered":"http:\/\/www.caririemacao.com\/1\/?p=163668"},"modified":"2020-04-13T18:11:46","modified_gmt":"2020-04-13T21:11:46","slug":"camalau-gestao-firma-parceria-com-ifpb-e-consegue-dezenas-de-mascaras-para-o-combate-contra-o-covid-19","status":"publish","type":"post","link":"https:\/\/www.caririemacao.com\/1\/2020\/04\/13\/camalau-gestao-firma-parceria-com-ifpb-e-consegue-dezenas-de-mascaras-para-o-combate-contra-o-covid-19\/","title":{"rendered":"Camala\u00fa: Gest\u00e3o firma parceria com IFPB e consegue dezenas de m\u00e1scaras para o combate contra o Covid-19"},"content":{"rendered":"\n<p>A prefeitura municipal de Camala\u00fa, atrav\u00e9s da atual gest\u00e3o municipal conseguiu uma importante doa\u00e7\u00e3o em parceira, para ajudar na preven\u00e7\u00e3o ao v\u00edrus da COVID-19.<\/p>\n\n\n\n<p><br>De acordo com o vice prefeito Kiel S\u00f3stenes, foi feito um contato com o professor Fred Pereira do IF- Instituto Federal da Para\u00edba, Campus Pedra de Fogo,\u00a0\u00a0para estabelecer uma parceria com a Prefeitura Municipal de Camala\u00fa-PB.<br>\u201cSendo assim, conseguimos a doa\u00e7\u00e3o de dezenas de m\u00e1scaras fabricadas pelo IFPB para serem distribu\u00eddas pela Prefeitura Municipal de Camala\u00fa por meio da Secretaria de Sa\u00fade\u201d, anunciou o vice prefeito.<\/p>\n\n\n\n<p><br>De acordo com o vice prefeito, a gest\u00e3o municipal\u00a0\u00a0j\u00e1 vem desenvolvendo um relevante trabalho de preven\u00e7\u00e3o em todo o munic\u00edpio e lhes compete auxiliar no mesmo, ampliando as condi\u00e7\u00f5es de trabalho, com seguran\u00e7a e efici\u00eancia.<br>\u201cQuero agradecer ao Instituto Federal da Para\u00edba, Campus Pedra de Fogo, atrav\u00e9s do amigo Fred Pereira, pelo ato honroso de solidariedade em nome da ci\u00eancia. Agradecer tamb\u00e9m ao amigo e professor Daniel Duarte pelas orienta\u00e7\u00f5es t\u00e9cnicas e sugest\u00f5es que tem nos repassado&#8221;, completou agradecendo, o Vice-Prefeito\u00a0\u00a0Kiel.<\/p>\n\n\n\n<p>F\u00c1BIO BRITO<\/p>\n","protected":false},"excerpt":{"rendered":"<p>A prefeitura municipal de Camala\u00fa, atrav\u00e9s da atual gest\u00e3o municipal conseguiu uma importante doa\u00e7\u00e3o em parceira, para ajudar na preven\u00e7\u00e3o ao v\u00edrus da COVID-19. De&hellip; <\/p>\n","protected":false},"author":1,"featured_media":163669,"comment_status":"closed","ping_status":"closed","sticky":false,"template":"","format":"standard","meta":{"sfsi_plus_gutenberg_text_before_share":"","sfsi_plus_gutenberg_show_text_before_share":"","sfsi_plus_gutenberg_icon_type":"","sfsi_plus_gutenberg_icon_alignemt":"","sfsi_plus_gutenburg_max_per_row":"","footnotes":""},"categories":[6,50],"tags":[],"class_list":["post-163668","post","type-post","status-publish","format-standard","has-post-thumbnail","hentry","category-cidades","category-destaque"],"_links":{"self":[{"href":"https:\/\/www.caririemacao.com\/1\/wp-json\/wp\/v2\/posts\/163668","targetHints":{"allow":["GET"]}}],"collection":[{"href":"https:\/\/www.caririemacao.com\/1\/wp-json\/wp\/v2\/posts"}],"about":[{"href":"https:\/\/www.caririemacao.com\/1\/wp-json\/wp\/v2\/types\/post"}],"author":[{"embeddable":true,"href":"https:\/\/www.caririemacao.com\/1\/wp-json\/wp\/v2\/users\/1"}],"replies":[{"embeddable":true,"href":"https:\/\/www.caririemacao.com\/1\/wp-json\/wp\/v2\/comments?post=163668"}],"version-history":[{"count":1,"href":"https:\/\/www.caririemacao.com\/1\/wp-json\/wp\/v2\/posts\/163668\/revisions"}],"predecessor-version":[{"id":163670,"href":"https:\/\/www.caririemacao.com\/1\/wp-json\/wp\/v2\/posts\/163668\/revisions\/163670"}],"wp:featuredmedia":[{"embeddable":true,"href":"https:\/\/www.caririemacao.com\/1\/wp-json\/wp\/v2\/media\/163669"}],"wp:attachment":[{"href":"https:\/\/www.caririemacao.com\/1\/wp-json\/wp\/v2\/media?parent=163668"}],"wp:term":[{"taxonomy":"category","embeddable":true,"href":"https:\/\/www.caririemacao.com\/1\/wp-json\/wp\/v2\/categories?post=163668"},{"taxonomy":"post_tag","embeddable":true,"href":"https:\/\/www.caririemacao.com\/1\/wp-json\/wp\/v2\/tags?post=163668"}],"curies":[{"name":"wp","href":"https:\/\/api.w.org\/{rel}","templated":true}]}}