{"id":163672,"date":"2020-04-14T03:03:01","date_gmt":"2020-04-14T06:03:01","guid":{"rendered":"http:\/\/www.caririemacao.com\/1\/?p=163672"},"modified":"2020-04-14T03:03:03","modified_gmt":"2020-04-14T06:03:03","slug":"em-monteiro-policia-militar-apreende-arma-de-fogo-e-drogas","status":"publish","type":"post","link":"https:\/\/www.caririemacao.com\/1\/2020\/04\/14\/em-monteiro-policia-militar-apreende-arma-de-fogo-e-drogas\/","title":{"rendered":"Em Monteiro: Pol\u00edcia Militar apreende arma de fogo e drogas"},"content":{"rendered":"\n<p>Por volta das 15:40 do dia 13 (segunda-feira), a Pol\u00edcia Militar atendeu um chamado atrav\u00e9s do COPOM, informando que um indiv\u00edduo estava de posse de uma arma de fogo na Rua do Arame.<\/p>\n\n\n\n<p>Uma guarni\u00e7\u00e3o se deslocou ao local informado, onde encontrou a v\u00edtima Francisco Roberto, que informou ter tido um discurs\u00e3o com o acusado Jaio Carlos que sacou um rev\u00f3lver e tentou efetuar dois disparos os quais n\u00e3o se concretizaram por conta das muni\u00e7\u00f5es terem falhado. A v\u00edtima que estava de posse de uma arma branca (faca), diante da amea\u00e7a, ainda tentou correr atr\u00e1s do acusado que se evadiu do local.<\/p>\n\n\n\n<p>Segundo testemunhas, viram o acusado se dirigindo correndo para a sua resid\u00eancia, a guarni\u00e7\u00e3o foi at\u00e9 o local que fica na Rua Osvaldo de Souza leal (Rua do Meio), onde encontrou a m\u00e3e do acusado que ao saber do ocorrido, permitiu aos policiais entrarem em sua resid\u00eancia. O acusado n\u00e3o foi encontrado, por\u00e9m os policias acharam dentro da casa, um rev\u00f3lver calibre 38 T\u00c1URUS, 31 pedras semelhante a crack, e uma certa quantia em c\u00e9dulas e moedas.<\/p>\n\n\n\n<p>O material apreendido foi encaminhado at\u00e9 a delegacia de Pol\u00edcia Civil de Monteiro para as medidas cab\u00edveis.<\/p>\n","protected":false},"excerpt":{"rendered":"<p>Por volta das 15:40 do dia 13 (segunda-feira), a Pol\u00edcia Militar atendeu um chamado atrav\u00e9s do COPOM, informando que um indiv\u00edduo estava de posse de&hellip; <\/p>\n","protected":false},"author":1,"featured_media":163673,"comment_status":"closed","ping_status":"closed","sticky":false,"template":"","format":"standard","meta":{"sfsi_plus_gutenberg_text_before_share":"","sfsi_plus_gutenberg_show_text_before_share":"","sfsi_plus_gutenberg_icon_type":"","sfsi_plus_gutenberg_icon_alignemt":"","sfsi_plus_gutenburg_max_per_row":"","footnotes":""},"categories":[50,12],"tags":[],"class_list":["post-163672","post","type-post","status-publish","format-standard","has-post-thumbnail","hentry","category-destaque","category-policia"],"_links":{"self":[{"href":"https:\/\/www.caririemacao.com\/1\/wp-json\/wp\/v2\/posts\/163672","targetHints":{"allow":["GET"]}}],"collection":[{"href":"https:\/\/www.caririemacao.com\/1\/wp-json\/wp\/v2\/posts"}],"about":[{"href":"https:\/\/www.caririemacao.com\/1\/wp-json\/wp\/v2\/types\/post"}],"author":[{"embeddable":true,"href":"https:\/\/www.caririemacao.com\/1\/wp-json\/wp\/v2\/users\/1"}],"replies":[{"embeddable":true,"href":"https:\/\/www.caririemacao.com\/1\/wp-json\/wp\/v2\/comments?post=163672"}],"version-history":[{"count":1,"href":"https:\/\/www.caririemacao.com\/1\/wp-json\/wp\/v2\/posts\/163672\/revisions"}],"predecessor-version":[{"id":163674,"href":"https:\/\/www.caririemacao.com\/1\/wp-json\/wp\/v2\/posts\/163672\/revisions\/163674"}],"wp:featuredmedia":[{"embeddable":true,"href":"https:\/\/www.caririemacao.com\/1\/wp-json\/wp\/v2\/media\/163673"}],"wp:attachment":[{"href":"https:\/\/www.caririemacao.com\/1\/wp-json\/wp\/v2\/media?parent=163672"}],"wp:term":[{"taxonomy":"category","embeddable":true,"href":"https:\/\/www.caririemacao.com\/1\/wp-json\/wp\/v2\/categories?post=163672"},{"taxonomy":"post_tag","embeddable":true,"href":"https:\/\/www.caririemacao.com\/1\/wp-json\/wp\/v2\/tags?post=163672"}],"curies":[{"name":"wp","href":"https:\/\/api.w.org\/{rel}","templated":true}]}}