{"id":163675,"date":"2020-04-14T03:06:08","date_gmt":"2020-04-14T06:06:08","guid":{"rendered":"http:\/\/www.caririemacao.com\/1\/?p=163675"},"modified":"2020-04-14T03:06:10","modified_gmt":"2020-04-14T06:06:10","slug":"imprensa-tenta-jogar-aras-contra-bolsonaro-e-ele-rebate-pgr-nao-e-comentarista-politico","status":"publish","type":"post","link":"https:\/\/www.caririemacao.com\/1\/2020\/04\/14\/imprensa-tenta-jogar-aras-contra-bolsonaro-e-ele-rebate-pgr-nao-e-comentarista-politico\/","title":{"rendered":"Imprensa tenta jogar Aras contra Bolsonaro e ele rebate: \u201cPGR n\u00e3o \u00e9 comentarista pol\u00edtico\u201d"},"content":{"rendered":"\n<p>H\u00e1 meses que a imprensa vem criando narrativas contra o presidente Jair Bolsonaro na tentativa de inseri-lo no alvo de uma a\u00e7\u00e3o formal da PGR&nbsp; por supostos comportamentos irregulares ou desvio de fun\u00e7\u00f5es.<\/p>\n\n\n\n<p>Nesta segunda-feira, 13, o Chefe da Procuradoria-Geral da Rep\u00fablica, Augusto Aras reafirmou em tom incisivo que Jair Bolsonaro n\u00e3o merece ser alvo de uma a\u00e7\u00e3o formal do \u00f3rg\u00e3o por seus motivos levantados pelos opositores.&nbsp;<\/p>\n\n\n\n<p>Segundo Aras, o papel do PGR \u00e9 seguir \u00e0s leis, e n\u00e3o ficar tecendo coment\u00e1rios pol\u00edticos sobre quaisquer que seja o assunto.<\/p>\n\n\n\n<p>\u201cPGR n\u00e3o \u00e9 comentarista pol\u00edtico e deve respeito \u00e0 Constitui\u00e7\u00e3o e \u00e0s leis\u201d, disse Aras ao Radar, sobre press\u00f5es para que atue contra o presidente.<\/p>\n\n\n\n<p>Ainda nesta segunda (13), Aras assinou um parecer em que diz que Bolsonaro tem o direito de decidir sobre o \u201cmomento oportuno\u201d para maior ou menor distanciamento social no enfrentamento do novo coronav\u00edrus.<\/p>\n\n\n\n<p>Ainda segundo ele, o mundo passa por uma \u201ccrise sem precedentes\u201d, repleta de \u201cincertezas\u201d. Logo, n\u00e3o \u00e9 poss\u00edvel avaliar com precis\u00e3o se todas as articula\u00e7\u00f5es de limitar a circula\u00e7\u00e3o de pessoas tem efic\u00e1cia para impedir o avan\u00e7o da pandemia.<\/p>\n\n\n\n<p>Com RepercutePB<\/p>\n","protected":false},"excerpt":{"rendered":"<p>H\u00e1 meses que a imprensa vem criando narrativas contra o presidente Jair Bolsonaro na tentativa de inseri-lo no alvo de uma a\u00e7\u00e3o formal da PGR&nbsp;&hellip; <\/p>\n","protected":false},"author":1,"featured_media":163676,"comment_status":"closed","ping_status":"closed","sticky":false,"template":"","format":"standard","meta":{"sfsi_plus_gutenberg_text_before_share":"","sfsi_plus_gutenberg_show_text_before_share":"","sfsi_plus_gutenberg_icon_type":"","sfsi_plus_gutenberg_icon_alignemt":"","sfsi_plus_gutenburg_max_per_row":"","footnotes":""},"categories":[11],"tags":[],"class_list":["post-163675","post","type-post","status-publish","format-standard","has-post-thumbnail","hentry","category-politica"],"_links":{"self":[{"href":"https:\/\/www.caririemacao.com\/1\/wp-json\/wp\/v2\/posts\/163675","targetHints":{"allow":["GET"]}}],"collection":[{"href":"https:\/\/www.caririemacao.com\/1\/wp-json\/wp\/v2\/posts"}],"about":[{"href":"https:\/\/www.caririemacao.com\/1\/wp-json\/wp\/v2\/types\/post"}],"author":[{"embeddable":true,"href":"https:\/\/www.caririemacao.com\/1\/wp-json\/wp\/v2\/users\/1"}],"replies":[{"embeddable":true,"href":"https:\/\/www.caririemacao.com\/1\/wp-json\/wp\/v2\/comments?post=163675"}],"version-history":[{"count":1,"href":"https:\/\/www.caririemacao.com\/1\/wp-json\/wp\/v2\/posts\/163675\/revisions"}],"predecessor-version":[{"id":163677,"href":"https:\/\/www.caririemacao.com\/1\/wp-json\/wp\/v2\/posts\/163675\/revisions\/163677"}],"wp:featuredmedia":[{"embeddable":true,"href":"https:\/\/www.caririemacao.com\/1\/wp-json\/wp\/v2\/media\/163676"}],"wp:attachment":[{"href":"https:\/\/www.caririemacao.com\/1\/wp-json\/wp\/v2\/media?parent=163675"}],"wp:term":[{"taxonomy":"category","embeddable":true,"href":"https:\/\/www.caririemacao.com\/1\/wp-json\/wp\/v2\/categories?post=163675"},{"taxonomy":"post_tag","embeddable":true,"href":"https:\/\/www.caririemacao.com\/1\/wp-json\/wp\/v2\/tags?post=163675"}],"curies":[{"name":"wp","href":"https:\/\/api.w.org\/{rel}","templated":true}]}}