{"id":163711,"date":"2020-04-14T06:35:08","date_gmt":"2020-04-14T09:35:08","guid":{"rendered":"http:\/\/www.caririemacao.com\/1\/?p=163711"},"modified":"2020-04-14T06:35:10","modified_gmt":"2020-04-14T09:35:10","slug":"cpf-podera-ser-solicitado-gratuitamente-saiba-como-fazer","status":"publish","type":"post","link":"https:\/\/www.caririemacao.com\/1\/2020\/04\/14\/cpf-podera-ser-solicitado-gratuitamente-saiba-como-fazer\/","title":{"rendered":"CPF poder\u00e1 ser solicitado gratuitamente; Saiba como fazer"},"content":{"rendered":"\n<p>A Receita Federal anunciou nesta segunda-feira (13) que vai liberar solicita\u00e7\u00e3o gratuita de CPF por e-mail, ficando dispensada a presen\u00e7a na ag\u00eancia. A medida tem o objetivo de destravar o pagamento do aux\u00edlio emergencial de R$ 600 criado para combater efeitos da crise do novo coronav\u00edrus.<\/p>\n\n\n\n<p>Depois de pagar 2,5 milh\u00f5es de benef\u00edcios a trabalhadores informais na \u00faltima semana, a Caixa Econ\u00f4mica informou que vai repassar o aux\u00edlio a mais 9,4 milh\u00f5es de pessoas nesta semana.<\/p>\n\n\n\n<p>De acordo com o Fisco, a partir desta ter\u00e7a-feira (14), a emiss\u00e3o do n\u00famero do CPF poder\u00e1 ser feita por e-mail, respeitando a regi\u00e3o onde mora o requerente.<\/p>\n\n\n\n<p>Antes da nova regra, a inscri\u00e7\u00e3o no CPF pela internet s\u00f3 era liberada para contribuintes com idade entre 16 e 25 anos com t\u00edtulo de eleitor regular. Quem n\u00e3o se enquadrasse nesse crit\u00e9rio era obrigado a buscar atendimento presencial na Receita ou em entidades conveniadas como Caixa, Banco do Brasil e Correiros, com taxa de R$ 7.<\/p>\n\n\n\n<p>De acordo com a Caixa, as 9,4 milh\u00f5es de pessoas que receber\u00e3o o aux\u00edlio de R$ 600 nesta semana fazem parte do Cad\u00danico (Cadastro \u00danico para Programas Sociais do Governo Federal).<\/p>\n\n\n\n<p>Para os benefici\u00e1rios do Bolsa Fam\u00edlia, os pagamentos ser\u00e3o feitos na quinta-feira (16) e sexta-feira (17). Os inscritos no Cad\u00danico que n\u00e3o fazem parte do Bolsa Fam\u00edlia ser\u00e3o pagos entre ter\u00e7a-feira (14) e sexta-feira (17).<\/p>\n\n\n\n<p>O banco ainda divulgou as datas de libera\u00e7\u00e3o dos saques do aux\u00edlio em esp\u00e9cie para as pessoas que optaram por receber os recursos na conta digital da Caixa.<\/p>\n\n\n\n<p>As datas ser\u00e3o as seguintes:<\/p>\n\n\n\n<p>27 de abril \u2013 nascidos em janeiro e fevereiro<br>28 de abril \u2013 nascidos em mar\u00e7o e abril<br>29 de abril \u2013 nascidos em maio e junho<br>30 de abril \u2013 nascidos julho e agosto<br>04 de maio \u2013 nascidos em setembro e outubro<br>05 de maio \u2013 nascidos em novembro e dezembro<\/p>\n\n\n\n<p>Para fazer a inscri\u00e7\u00e3o de CPF gratuita pela internet, o contribuinte deve anexar no e-mail os seguintes documentos de identifica\u00e7\u00e3o:<\/p>\n\n\n\n<p>\u2013 Para maiores de 16 anos: RG atualizado. Se o RG n\u00e3o estiver atualizado, anexar tamb\u00e9m a certid\u00e3o de casamento ou nascimento. Tamb\u00e9m s\u00e3o aceitos carteira de trabalho, passaporte.<\/p>\n\n\n\n<p>\u2013 Para menores de 16 anos: RG ou certid\u00e3o de nascimento do menor e RG do respons\u00e1vel (pai, m\u00e3e ou tutor ou guardi\u00e3o judicial). Na hip\u00f3tese de representa\u00e7\u00e3o por tutor ou guardi\u00e3o, anexar tamb\u00e9m o respectivo termo de tutela ou guarda.<\/p>\n\n\n\n<p>Tamb\u00e9m s\u00e3o aceitos: carteira de trabalho e passaporte; T\u00edtulo de eleitor (facultativo); Comprovante de endere\u00e7o; Foto de rosto (selfie) do interessado ou respons\u00e1vel segurando o documento de identidade aberto (frente e verso), onde dever\u00e1 aparecer a fotografia e o n\u00famero do documento leg\u00edvel.<\/p>\n\n\n\n<p>Endere\u00e7os de e-mail para a inscri\u00e7\u00e3o:<\/p>\n\n\n\n<p>1\u00aa Regi\u00e3o Fiscal (DF, GO, MT, MS e TO)&nbsp;atendimentorfb.01@rfb.gov.br<br>2\u00aa Regi\u00e3o Fiscal (AC AM, AP, PA, RO e RR)&nbsp;atendimentorfb.02@rfb.gov.br<br>3\u00aa Regi\u00e3o Fiscal (CE, MA e PI)&nbsp;atendimentorfb.03@rfb.gov.br<br>4\u00aa Regi\u00e3o Fiscal (AL, PB, PE e RN)&nbsp;atendimentorfb.04@rfb.gov.br<br>5\u00aa Regi\u00e3o Fiscal (BA e SE)&nbsp;atendimentorfb.05@rfb.gov.br<br>6\u00aa Regi\u00e3o Fiscal (MG)&nbsp;atendimentorfb.06@rfb.gov.br<br>7\u00aa Regi\u00e3o Fiscal (ES e RJ)&nbsp;atendimentorfb.07@rfb.gov.br<br>8\u00aa Regi\u00e3o Fiscal (SP)&nbsp;atendimentorfb.08@rfb.gov.br<br>9\u00aa Regi\u00e3o Fiscal (PR e SC)&nbsp;atendimentorfb.09@rfb.gov.br<br>10\u00aa Regi\u00e3o Fiscal (RS)&nbsp;atendimentorfb.10@rfb.gov.br<\/p>\n","protected":false},"excerpt":{"rendered":"<p>A Receita Federal anunciou nesta segunda-feira (13) que vai liberar solicita\u00e7\u00e3o gratuita de CPF por e-mail, ficando dispensada a presen\u00e7a na ag\u00eancia. A medida tem&hellip; <\/p>\n","protected":false},"author":2,"featured_media":163712,"comment_status":"closed","ping_status":"closed","sticky":false,"template":"","format":"standard","meta":{"sfsi_plus_gutenberg_text_before_share":"","sfsi_plus_gutenberg_show_text_before_share":"","sfsi_plus_gutenberg_icon_type":"","sfsi_plus_gutenberg_icon_alignemt":"","sfsi_plus_gutenburg_max_per_row":"","footnotes":""},"categories":[2],"tags":[],"class_list":["post-163711","post","type-post","status-publish","format-standard","has-post-thumbnail","hentry","category-geral"],"_links":{"self":[{"href":"https:\/\/www.caririemacao.com\/1\/wp-json\/wp\/v2\/posts\/163711","targetHints":{"allow":["GET"]}}],"collection":[{"href":"https:\/\/www.caririemacao.com\/1\/wp-json\/wp\/v2\/posts"}],"about":[{"href":"https:\/\/www.caririemacao.com\/1\/wp-json\/wp\/v2\/types\/post"}],"author":[{"embeddable":true,"href":"https:\/\/www.caririemacao.com\/1\/wp-json\/wp\/v2\/users\/2"}],"replies":[{"embeddable":true,"href":"https:\/\/www.caririemacao.com\/1\/wp-json\/wp\/v2\/comments?post=163711"}],"version-history":[{"count":1,"href":"https:\/\/www.caririemacao.com\/1\/wp-json\/wp\/v2\/posts\/163711\/revisions"}],"predecessor-version":[{"id":163713,"href":"https:\/\/www.caririemacao.com\/1\/wp-json\/wp\/v2\/posts\/163711\/revisions\/163713"}],"wp:featuredmedia":[{"embeddable":true,"href":"https:\/\/www.caririemacao.com\/1\/wp-json\/wp\/v2\/media\/163712"}],"wp:attachment":[{"href":"https:\/\/www.caririemacao.com\/1\/wp-json\/wp\/v2\/media?parent=163711"}],"wp:term":[{"taxonomy":"category","embeddable":true,"href":"https:\/\/www.caririemacao.com\/1\/wp-json\/wp\/v2\/categories?post=163711"},{"taxonomy":"post_tag","embeddable":true,"href":"https:\/\/www.caririemacao.com\/1\/wp-json\/wp\/v2\/tags?post=163711"}],"curies":[{"name":"wp","href":"https:\/\/api.w.org\/{rel}","templated":true}]}}