{"id":163721,"date":"2020-04-14T06:40:20","date_gmt":"2020-04-14T09:40:20","guid":{"rendered":"http:\/\/www.caririemacao.com\/1\/?p=163721"},"modified":"2020-04-14T06:40:23","modified_gmt":"2020-04-14T09:40:23","slug":"diante-da-pandemia-do-coronavirus-ses-registra-obito-de-medica-na-paraiba","status":"publish","type":"post","link":"https:\/\/www.caririemacao.com\/1\/2020\/04\/14\/diante-da-pandemia-do-coronavirus-ses-registra-obito-de-medica-na-paraiba\/","title":{"rendered":"Diante da pandemia do coronav\u00edrus, SES registra \u00f3bito de m\u00e9dica na Para\u00edba"},"content":{"rendered":"\n<p>Diante da pandemia provocada pelo novo coronav\u00edrus, a Secretaria Estadual de Sa\u00fade (SES) registrou o falecimento de uma m\u00e9dica nesta segunda-feira (13) na Para\u00edba.<\/p>\n\n\n\n<p>Ela tinha 60 anos de idade e estava internada em um hospital particular de Jo\u00e3o Pessoa.<\/p>\n\n\n\n<p>O primeiro resultado de exame da testagem r\u00e1pida apresentou resultado positivo para contamina\u00e7\u00e3o por coronav\u00edrus.<\/p>\n\n\n\n<p>No entanto, um novo exame ainda ser\u00e1 realizado para confirmar ou n\u00e3o se a morte foi ocasionada pela doen\u00e7a.<\/p>\n\n\n\n<p>Este exame ser\u00e1 feito no Laborat\u00f3rio Central da Para\u00edba (Lacen-PB).<\/p>\n\n\n\n<p>Al\u00e9m do falecimento da m\u00e9dica, a SES registrou nesta segunda-feira a morte de um homem de 68 anos de idade residente na capital paraibana.<\/p>\n","protected":false},"excerpt":{"rendered":"<p>Diante da pandemia provocada pelo novo coronav\u00edrus, a Secretaria Estadual de Sa\u00fade (SES) registrou o falecimento de uma m\u00e9dica nesta segunda-feira (13) na Para\u00edba. Ela&hellip; <\/p>\n","protected":false},"author":2,"featured_media":163722,"comment_status":"closed","ping_status":"closed","sticky":false,"template":"","format":"standard","meta":{"sfsi_plus_gutenberg_text_before_share":"","sfsi_plus_gutenberg_show_text_before_share":"","sfsi_plus_gutenberg_icon_type":"","sfsi_plus_gutenberg_icon_alignemt":"","sfsi_plus_gutenburg_max_per_row":"","footnotes":""},"categories":[2],"tags":[],"class_list":["post-163721","post","type-post","status-publish","format-standard","has-post-thumbnail","hentry","category-geral"],"_links":{"self":[{"href":"https:\/\/www.caririemacao.com\/1\/wp-json\/wp\/v2\/posts\/163721","targetHints":{"allow":["GET"]}}],"collection":[{"href":"https:\/\/www.caririemacao.com\/1\/wp-json\/wp\/v2\/posts"}],"about":[{"href":"https:\/\/www.caririemacao.com\/1\/wp-json\/wp\/v2\/types\/post"}],"author":[{"embeddable":true,"href":"https:\/\/www.caririemacao.com\/1\/wp-json\/wp\/v2\/users\/2"}],"replies":[{"embeddable":true,"href":"https:\/\/www.caririemacao.com\/1\/wp-json\/wp\/v2\/comments?post=163721"}],"version-history":[{"count":1,"href":"https:\/\/www.caririemacao.com\/1\/wp-json\/wp\/v2\/posts\/163721\/revisions"}],"predecessor-version":[{"id":163723,"href":"https:\/\/www.caririemacao.com\/1\/wp-json\/wp\/v2\/posts\/163721\/revisions\/163723"}],"wp:featuredmedia":[{"embeddable":true,"href":"https:\/\/www.caririemacao.com\/1\/wp-json\/wp\/v2\/media\/163722"}],"wp:attachment":[{"href":"https:\/\/www.caririemacao.com\/1\/wp-json\/wp\/v2\/media?parent=163721"}],"wp:term":[{"taxonomy":"category","embeddable":true,"href":"https:\/\/www.caririemacao.com\/1\/wp-json\/wp\/v2\/categories?post=163721"},{"taxonomy":"post_tag","embeddable":true,"href":"https:\/\/www.caririemacao.com\/1\/wp-json\/wp\/v2\/tags?post=163721"}],"curies":[{"name":"wp","href":"https:\/\/api.w.org\/{rel}","templated":true}]}}