{"id":163738,"date":"2020-04-14T06:48:56","date_gmt":"2020-04-14T09:48:56","guid":{"rendered":"http:\/\/www.caririemacao.com\/1\/?p=163738"},"modified":"2020-04-14T06:48:58","modified_gmt":"2020-04-14T09:48:58","slug":"pesquisadores-da-ufpb-criam-respirador-mais-barato-do-pais-e-empresas-podem-solicitar-producao","status":"publish","type":"post","link":"https:\/\/www.caririemacao.com\/1\/2020\/04\/14\/pesquisadores-da-ufpb-criam-respirador-mais-barato-do-pais-e-empresas-podem-solicitar-producao\/","title":{"rendered":"Pesquisadores da UFPB criam respirador mais barato do pa\u00eds e empresas podem solicitar produ\u00e7\u00e3o"},"content":{"rendered":"\n<p>A Ag\u00eancia de Inova\u00e7\u00e3o Tecnol\u00f3gica da Universidade Federal da Para\u00edba (INOVA-UFPB), finalizou o desenvolvimento do prot\u00f3tipo&nbsp;de ventilador pulmonar que \u00e9 o mais econ\u00f4mico j\u00e1 produzido at\u00e9 o momento no Brasil. De acordo com os inventores, o&nbsp;custo estimado do aparelho ser\u00e1 de R$ 400,00, mais barato do que o da USP que custar\u00e1 R$ 1 mil reais e 37,5 vezes mais barato do que um ventilador no mercado que custa R$ 15 mil.<\/p>\n\n\n\n<p>A equipe de pesquisadores e servidores da UFPB foi&nbsp;respons\u00e1vel pelo pedido de patente, mas n\u00e3o pela fabrica\u00e7\u00e3o, que dever\u00e1 ser feita por empresa com autoriza\u00e7\u00e3o da Ag\u00eancia Nacional de Vigil\u00e2ncia Sanit\u00e1ria (ANVISA) e o aparelho ainda precisa passar por testes pelo Instituto Nacional de Metrologia, Qualidade e Tecnologia (INMETRO). Nesses \u00faltimos caso, acredita-se que em face da urg\u00eancia as tramita\u00e7\u00f5es burocr\u00e1ticas e testes sejam aceleradas.&nbsp;&nbsp;<\/p>\n\n\n\n<p>O projeto tem licen\u00e7a aberta para os interessados em produzir o ventilador pulmonar. Os interessados dever\u00e3o&nbsp;entrar em contato com a INOVA-UFPB por meio do e-mail: inova@reitoria.ufpb.br.&nbsp;<\/p>\n\n\n\n<p>O equipamento tamb\u00e9m \u00e9 de r\u00e1pida montagem e programa\u00e7\u00e3o, sendo poss\u00edvel concluir a montagem e deix\u00e1-lo plenamente oper\u00e1vel em 60 segundos. Outro detalhe \u00e9 que ele n\u00e3o \u00e9 um respirador de emerg\u00eancia, podendo ser usado indefinidamente; ou seja, um substituto aos convencionais comercializados atualmente.<\/p>\n\n\n\n<p>Os inventores tiveram como miss\u00e3o garantir uma alternativa nacional vi\u00e1vel que pudesse ser disponibilizado com um baix\u00edssimo custo para hospitais.<\/p>\n\n\n\n<p>O produto faz uso da tecnologia touch-screen, \u00e9 equipado com sistema multibiom\u00e9trico e tem conectividade wireless. Inclusive \u00e9 poss\u00edvel acess\u00e1-lo, monitor\u00e1-lo e oper\u00e1-lo em tempo real remotamente por meio de aplicativo em dispositivos m\u00f3veis (smartphones).&nbsp;&nbsp;<\/p>\n\n\n\n<p>No dia 30 de mar\u00e7o de 2020 as imagens do prot\u00f3tipo j\u00e1 estavam dispon\u00edveis nas redes sociais. No dia 31, foi realizada nova for\u00e7a tarefa com os inventores, a equipe da Diretoria de Propriedade Intelectual da INOVA-UFPB e do Instituto Nacional da Propriedade Industrial (CGDI\/EDIR-PE\/SEDIR-PB\/INPI) para preparar a reda\u00e7\u00e3o do pedido de patente. No dia 01 de abril o pedido de patente foi finalizado e no dia 02 foi protocolado no INPI.<\/p>\n\n\n\n<p>A iniciativa tem a coordena\u00e7\u00e3o do diretor Presidente Prof. Dr. Petr\u00f4nio Filgueiras de Athayde Filho, que&nbsp;fez a&nbsp;demanda do projeto&nbsp;no dia 28 de mar\u00e7o de 2020 para que fosse desenvolvido um ventilador pulmonar por pesquisadores do Centro de Ci\u00eancias Exatas e da Natureza (CCEN). A equipe composta por Railson Ramos, Mario Ugulino, V\u00e1lber Almeida, Tiago Maritan e Marcos Alves conclu\u00edram em 48 horas a miss\u00e3o.<br><\/p>\n\n\n\n<figure class=\"wp-block-image\"><img decoding=\"async\" data-src=\"https:\/\/www.clickpb.com.br\/media\/filer_public\/91\/c2\/91c288d3-e6f5-441d-8ca2-ec67f6a0e860\/respirador1.jpeg\" alt=\"\" src=\"data:image\/svg+xml;base64,PHN2ZyB3aWR0aD0iMSIgaGVpZ2h0PSIxIiB4bWxucz0iaHR0cDovL3d3dy53My5vcmcvMjAwMC9zdmciPjwvc3ZnPg==\" class=\"lazyload\" \/><\/figure>\n","protected":false},"excerpt":{"rendered":"<p>A Ag\u00eancia de Inova\u00e7\u00e3o Tecnol\u00f3gica da Universidade Federal da Para\u00edba (INOVA-UFPB), finalizou o desenvolvimento do prot\u00f3tipo&nbsp;de ventilador pulmonar que \u00e9 o mais econ\u00f4mico j\u00e1 produzido&hellip; <\/p>\n","protected":false},"author":2,"featured_media":163739,"comment_status":"closed","ping_status":"closed","sticky":false,"template":"","format":"standard","meta":{"sfsi_plus_gutenberg_text_before_share":"","sfsi_plus_gutenberg_show_text_before_share":"","sfsi_plus_gutenberg_icon_type":"","sfsi_plus_gutenberg_icon_alignemt":"","sfsi_plus_gutenburg_max_per_row":"","footnotes":""},"categories":[2],"tags":[],"class_list":["post-163738","post","type-post","status-publish","format-standard","has-post-thumbnail","hentry","category-geral"],"_links":{"self":[{"href":"https:\/\/www.caririemacao.com\/1\/wp-json\/wp\/v2\/posts\/163738","targetHints":{"allow":["GET"]}}],"collection":[{"href":"https:\/\/www.caririemacao.com\/1\/wp-json\/wp\/v2\/posts"}],"about":[{"href":"https:\/\/www.caririemacao.com\/1\/wp-json\/wp\/v2\/types\/post"}],"author":[{"embeddable":true,"href":"https:\/\/www.caririemacao.com\/1\/wp-json\/wp\/v2\/users\/2"}],"replies":[{"embeddable":true,"href":"https:\/\/www.caririemacao.com\/1\/wp-json\/wp\/v2\/comments?post=163738"}],"version-history":[{"count":1,"href":"https:\/\/www.caririemacao.com\/1\/wp-json\/wp\/v2\/posts\/163738\/revisions"}],"predecessor-version":[{"id":163740,"href":"https:\/\/www.caririemacao.com\/1\/wp-json\/wp\/v2\/posts\/163738\/revisions\/163740"}],"wp:featuredmedia":[{"embeddable":true,"href":"https:\/\/www.caririemacao.com\/1\/wp-json\/wp\/v2\/media\/163739"}],"wp:attachment":[{"href":"https:\/\/www.caririemacao.com\/1\/wp-json\/wp\/v2\/media?parent=163738"}],"wp:term":[{"taxonomy":"category","embeddable":true,"href":"https:\/\/www.caririemacao.com\/1\/wp-json\/wp\/v2\/categories?post=163738"},{"taxonomy":"post_tag","embeddable":true,"href":"https:\/\/www.caririemacao.com\/1\/wp-json\/wp\/v2\/tags?post=163738"}],"curies":[{"name":"wp","href":"https:\/\/api.w.org\/{rel}","templated":true}]}}