{"id":163940,"date":"2020-04-15T06:27:30","date_gmt":"2020-04-15T09:27:30","guid":{"rendered":"http:\/\/www.caririemacao.com\/1\/?p=163940"},"modified":"2020-04-15T06:27:32","modified_gmt":"2020-04-15T09:27:32","slug":"mortes-por-covid-19-na-paraiba-chegam-a-21-casos-confirmados-sobem-para-152","status":"publish","type":"post","link":"https:\/\/www.caririemacao.com\/1\/2020\/04\/15\/mortes-por-covid-19-na-paraiba-chegam-a-21-casos-confirmados-sobem-para-152\/","title":{"rendered":"Mortes por covid-19 na Para\u00edba chegam a 21; casos confirmados sobem para 152"},"content":{"rendered":"\n<p>O&nbsp;n\u00famero de mortes por covid-19 na Para\u00edba chegou a 21, de acordo com boletim emitido pela Secretaria de Sa\u00fade nesta ter\u00e7a-feira (14). Ao todo, o Estado da Para\u00edba j\u00e1 confirmou 152 casos do novo coronav\u00edrus.<\/p>\n\n\n\n<p>Somente nesta ter\u00e7a-feira (14) os exames feitos na Para\u00edba confirmaram mais cinco mortes por covid-19, sendo tr\u00eas em Jo\u00e3o Pessoa, uma em Santa Rita e mais uma em Tapero\u00e1.<\/p>\n\n\n\n<ul class=\"wp-block-list\"><li>Homem,&nbsp; residente em Santa Rita, 65 anos, diab\u00e9tico, \u00f3bito ocorrido em 13\/04 em unidade p\u00fablica de sa\u00fade.<\/li><li>Mulher, lactente (4 meses), residente em Tapero\u00e1. \u00d3bito ocorrido em 11\/04 em hospital p\u00fablico.&nbsp;<\/li><li>Homem, 46 anos, residente de Jo\u00e3o Pessoa, portador de defici\u00eancia intelectual, estava internado em hospital p\u00fablico, \u00f3bito ocorrido no dia 12\/04.<\/li><li>Homem, 88 anos, portador de comorbidade, residente em Jo\u00e3o Pessoa, interno em hospital privado, \u00f3bito dia 10\/04.&nbsp;<\/li><li>Mulher,&nbsp; 95 anos, cardiopata, residente em Jo\u00e3o Pessoa, estava internada em hospital privado. \u00d3bito ocorrido no dia 23\/03.<\/li><\/ul>\n\n\n\n<p>O novo boletim registra a detec\u00e7\u00e3o do novo coronav\u00edrus em 13 cidades paraibanas:&nbsp;Jo\u00e3o Pessoa (115), Santa Rita (12), Campina Grande (3), Cabedelo (5), Bayeux (4), Junco do Serid\u00f3 (3), Patos (4), Serra Branca (1), Sap\u00e9&nbsp;(1),&nbsp; Sousa (1), Igaracy (1), Tapero\u00e1 (1) e S\u00e3o Jo\u00e3o Rio Do Peixe (1).&nbsp;<\/p>\n\n\n\n<p>Dentre os casos j\u00e1 confirmados de coronav\u00edrus na Para\u00edba, 16 permanecem internados, sendo quatro em leitos de Unidade de Terapia Intensiva (UTI). Outros 52 pacientes j\u00e1 se recuperaram da doen\u00e7a e s\u00e3o considerados curados.&nbsp;<\/p>\n\n\n\n<p>Segundo dados da Secretaria de Sa\u00fade, 85 pessoas est\u00e3o internadas na Para\u00edba com notifica\u00e7\u00e3o de suspeita para covid-19. Dentre estes pacientes, 70 est\u00e3o em leitos de enfermaria e 15 est\u00e3o em UTI.<\/p>\n\n\n\n<p><em>Governo da Para\u00edba&nbsp;<br>Secretaria de Estado da Sa\u00fade&nbsp;<br>Atualiza\u00e7\u00e3o COVID-19 14\/04 | 16h30&nbsp;<\/em><\/p>\n\n\n\n<p><em>Casos Confirmados: 152&nbsp;<br>Casos Descartados: 888&nbsp;<br>\u00d3bitos confirmados: 21&nbsp;&nbsp;<br>Casos recuperados: 52&nbsp;<\/em><\/p>\n\n\n\n<p><em>Dos 152 casos confirmado at\u00e9 esta ter\u00e7a, 14 de abril, 52 j\u00e1 se recuperaram, 21 foram a \u00f3bito e 16 est\u00e3o hospitalizados, 4 deles em leitos de UTI. Os demais se recuperam em isolamento domiciliar acompanhado pelas secretarias municipais de sa\u00fade.&nbsp;<\/em><\/p>\n\n\n\n<p><em>Os casos est\u00e3o distribu\u00eddos em 13 munic\u00edpios: Jo\u00e3o Pessoa (115), Santa Rita (12), Campina Grande (3), Cabedelo (5), Bayeux (4), Junco do Serid\u00f3 (3), Patos (4), Serra Branca (1), Sape (1),&nbsp; Sousa (1), Igaracy (1), Tapero\u00e1 (1) e S\u00e3o Jo\u00e3o Rio Do Peixe (1).&nbsp;<\/em><\/p>\n\n\n\n<p><em>Dos 5 \u00f3bitos confirmados nesta ter\u00e7a, trata-se:<\/em><\/p>\n\n\n\n<p><em>Homem,&nbsp; residente em Santa Rita, 65 anos, diab\u00e9tico, \u00f3bito ocorrido em 13\/04 em unidade p\u00fablica de sa\u00fade.<\/em><\/p>\n\n\n\n<p><em>Mulher, lactente (4 meses), residente em Tapero\u00e1. \u00d3bito ocorrido em 11\/04 em hospital p\u00fablico.&nbsp;<\/em><\/p>\n\n\n\n<p><em>Homem, 46 anos, residente de Jo\u00e3o Pessoa, portador de defici\u00eancia intelectual, estava internado em hospital p\u00fablico, \u00f3bito ocorrido no dia 12\/04.<\/em><\/p>\n\n\n\n<p><em>Homem, 88 anos, portador de comorbidade, residente em Jo\u00e3o Pessoa, interno em hospital privado, \u00f3bito dia 10\/04.&nbsp;<\/em><\/p>\n\n\n\n<p><em>Mulher,&nbsp; 95 anos, cardiopata, residente em Jo\u00e3o Pessoa, estava internada em hospital privado. \u00d3bito ocorrido no dia 23\/03.<\/em><\/p>\n\n\n\n<p><em>No momento, 85 pessoas est\u00e3o internadas com notifica\u00e7\u00e3o de suspeita para Covid-19, sendo 70 em enfermaria (48 p\u00fablico\/ 22 privado) e 15 na UTI (10 p\u00fablico\/ 5 privado). Os demais casos hospitalizados e com resultado n\u00e3o detect\u00e1vel seguem em investiga\u00e7\u00e3o para demais v\u00edrus.<\/em><\/p>\n","protected":false},"excerpt":{"rendered":"<p>O&nbsp;n\u00famero de mortes por covid-19 na Para\u00edba chegou a 21, de acordo com boletim emitido pela Secretaria de Sa\u00fade nesta ter\u00e7a-feira (14). Ao todo, o&hellip; <\/p>\n","protected":false},"author":2,"featured_media":163941,"comment_status":"closed","ping_status":"closed","sticky":false,"template":"","format":"standard","meta":{"sfsi_plus_gutenberg_text_before_share":"","sfsi_plus_gutenberg_show_text_before_share":"","sfsi_plus_gutenberg_icon_type":"","sfsi_plus_gutenberg_icon_alignemt":"","sfsi_plus_gutenburg_max_per_row":"","footnotes":""},"categories":[2],"tags":[],"class_list":["post-163940","post","type-post","status-publish","format-standard","has-post-thumbnail","hentry","category-geral"],"_links":{"self":[{"href":"https:\/\/www.caririemacao.com\/1\/wp-json\/wp\/v2\/posts\/163940","targetHints":{"allow":["GET"]}}],"collection":[{"href":"https:\/\/www.caririemacao.com\/1\/wp-json\/wp\/v2\/posts"}],"about":[{"href":"https:\/\/www.caririemacao.com\/1\/wp-json\/wp\/v2\/types\/post"}],"author":[{"embeddable":true,"href":"https:\/\/www.caririemacao.com\/1\/wp-json\/wp\/v2\/users\/2"}],"replies":[{"embeddable":true,"href":"https:\/\/www.caririemacao.com\/1\/wp-json\/wp\/v2\/comments?post=163940"}],"version-history":[{"count":1,"href":"https:\/\/www.caririemacao.com\/1\/wp-json\/wp\/v2\/posts\/163940\/revisions"}],"predecessor-version":[{"id":163942,"href":"https:\/\/www.caririemacao.com\/1\/wp-json\/wp\/v2\/posts\/163940\/revisions\/163942"}],"wp:featuredmedia":[{"embeddable":true,"href":"https:\/\/www.caririemacao.com\/1\/wp-json\/wp\/v2\/media\/163941"}],"wp:attachment":[{"href":"https:\/\/www.caririemacao.com\/1\/wp-json\/wp\/v2\/media?parent=163940"}],"wp:term":[{"taxonomy":"category","embeddable":true,"href":"https:\/\/www.caririemacao.com\/1\/wp-json\/wp\/v2\/categories?post=163940"},{"taxonomy":"post_tag","embeddable":true,"href":"https:\/\/www.caririemacao.com\/1\/wp-json\/wp\/v2\/tags?post=163940"}],"curies":[{"name":"wp","href":"https:\/\/api.w.org\/{rel}","templated":true}]}}