{"id":163945,"date":"2020-04-15T06:43:01","date_gmt":"2020-04-15T09:43:01","guid":{"rendered":"http:\/\/www.caririemacao.com\/1\/?p=163945"},"modified":"2020-04-15T06:43:02","modified_gmt":"2020-04-15T09:43:02","slug":"boletim-aponta-aumento-de-internacoes-por-sindrome-respiratoria-em-2020","status":"publish","type":"post","link":"https:\/\/www.caririemacao.com\/1\/2020\/04\/15\/boletim-aponta-aumento-de-internacoes-por-sindrome-respiratoria-em-2020\/","title":{"rendered":"Boletim aponta aumento de interna\u00e7\u00f5es por S\u00edndrome Respirat\u00f3ria em 2020"},"content":{"rendered":"\n<p>A Secretaria de Estado da Sa\u00fade (SES) divulgou, nesta ter\u00e7a-feira (14), o Boletim Epidemiol\u00f3gico n\u00b0 09, referente aos casos do novo coronav\u00edrus (Covid-19). O documento traz dados da doen\u00e7a na Para\u00edba at\u00e9 a 14\u00aa semana epidemiol\u00f3gica, tra\u00e7a o perfil dos pacientes e destaca o aumento no n\u00famero de interna\u00e7\u00f5es por S\u00edndrome Respirat\u00f3ria Aguda Grave (SRAG) comparado ao mesmo per\u00edodo de 2019.\u00a0<br><br>De acordo com o boletim, na mesma semana em 2019, a Para\u00edba tinha registrado um total de 16 pessoas hospitalizadas por SRAG. Neste ano, este n\u00famero subiu para 88. Dos casos confirmados por v\u00edrus respirat\u00f3rios, 57% correspondem ao Covid-19, 16% s\u00e3o de Influenza B, 12% de Influenza A (H1N1), 10% de Rinov\u00edrus e os demais para outros tipos de v\u00edrus que circulam no Estado.<br><br>Hoje, a Para\u00edba tem 136 casos de Covid-19. Sobre o perfil desses confirmados, 71 s\u00e3o do sexo feminino, o que corresponde a 52,2%, e 65 do sexo masculino, ou seja, 47,8%. A faixa et\u00e1ria com maior n\u00famero de casos \u00e9 a de 30 \u2013 49 anos com 65 casos (47,8%). Do total de confirmados 27 casos (19,8%) s\u00e3o de profissionais da sa\u00fade.\u00a0\u00a0\u00a0<br><br>A gerente executiva de Vigil\u00e2ncia em Sa\u00fade da SES, Talita Tavares, explica que a confirma\u00e7\u00e3o dos casos de Covid-19 se d\u00e1 por dois crit\u00e9rios. O primeiro \u00e9 o laboratorial que \u00e9 feito por dois tipos de testes em caso suspeito de S\u00edndrome Gripal (SG) ou SRAG. \u201cTemos o teste de Biologia Molecular, que \u00e9 o RT-PCR em tempo real com resultado detect\u00e1vel para o v\u00edrus SARS-CoV2. A amostra cl\u00ednica para esse tipo de exame tem que ser coletada at\u00e9 o s\u00e9timo dia de in\u00edcio de sintomas\u201d, pontua.\u00a0<br><br>O outro crit\u00e9rio \u00e9 o imunol\u00f3gico, que \u00e9 feito pelo teste r\u00e1pido ou pela sorologia cl\u00e1ssica para detec\u00e7\u00e3o de anticorpos para o SARS-CoV2. Talita refor\u00e7a que tamb\u00e9m para esse tipo de exame, a amostra deve ser coletada ap\u00f3s o s\u00e9timo dia dos sintomas.\u00a0\u00a0<br><br>A gerente lembra ainda que todos os casos hospitalizados da Covid-19 devem ser notificados de forma imediata (at\u00e9 24 horas) pelo profissional de sa\u00fade respons\u00e1vel pelo atendimento. Os casos de S\u00edndrome Gripal que foram atendidos na Aten\u00e7\u00e3o Prim\u00e1ria e nas demais unidades de sa\u00fade como cl\u00ednicas, consult\u00f3rios e pronto atendimento, tamb\u00e9m devem ser notificados, s\u00f3 que por meio do sistema e-SUS VE. Cada servi\u00e7o deve ter um cadastro para informar os casos no sistema.<br><br>Boletim epidemiol\u00f3gico<br><br>Secom-PB<br><\/p>\n","protected":false},"excerpt":{"rendered":"<p>A Secretaria de Estado da Sa\u00fade (SES) divulgou, nesta ter\u00e7a-feira (14), o Boletim Epidemiol\u00f3gico n\u00b0 09, referente aos casos do novo coronav\u00edrus (Covid-19). O documento&hellip; <\/p>\n","protected":false},"author":1,"featured_media":163946,"comment_status":"closed","ping_status":"closed","sticky":false,"template":"","format":"standard","meta":{"sfsi_plus_gutenberg_text_before_share":"","sfsi_plus_gutenberg_show_text_before_share":"","sfsi_plus_gutenberg_icon_type":"","sfsi_plus_gutenberg_icon_alignemt":"","sfsi_plus_gutenburg_max_per_row":"","footnotes":""},"categories":[16],"tags":[],"class_list":["post-163945","post","type-post","status-publish","format-standard","has-post-thumbnail","hentry","category-saude"],"_links":{"self":[{"href":"https:\/\/www.caririemacao.com\/1\/wp-json\/wp\/v2\/posts\/163945","targetHints":{"allow":["GET"]}}],"collection":[{"href":"https:\/\/www.caririemacao.com\/1\/wp-json\/wp\/v2\/posts"}],"about":[{"href":"https:\/\/www.caririemacao.com\/1\/wp-json\/wp\/v2\/types\/post"}],"author":[{"embeddable":true,"href":"https:\/\/www.caririemacao.com\/1\/wp-json\/wp\/v2\/users\/1"}],"replies":[{"embeddable":true,"href":"https:\/\/www.caririemacao.com\/1\/wp-json\/wp\/v2\/comments?post=163945"}],"version-history":[{"count":1,"href":"https:\/\/www.caririemacao.com\/1\/wp-json\/wp\/v2\/posts\/163945\/revisions"}],"predecessor-version":[{"id":163947,"href":"https:\/\/www.caririemacao.com\/1\/wp-json\/wp\/v2\/posts\/163945\/revisions\/163947"}],"wp:featuredmedia":[{"embeddable":true,"href":"https:\/\/www.caririemacao.com\/1\/wp-json\/wp\/v2\/media\/163946"}],"wp:attachment":[{"href":"https:\/\/www.caririemacao.com\/1\/wp-json\/wp\/v2\/media?parent=163945"}],"wp:term":[{"taxonomy":"category","embeddable":true,"href":"https:\/\/www.caririemacao.com\/1\/wp-json\/wp\/v2\/categories?post=163945"},{"taxonomy":"post_tag","embeddable":true,"href":"https:\/\/www.caririemacao.com\/1\/wp-json\/wp\/v2\/tags?post=163945"}],"curies":[{"name":"wp","href":"https:\/\/api.w.org\/{rel}","templated":true}]}}