{"id":163948,"date":"2020-04-15T06:45:54","date_gmt":"2020-04-15T09:45:54","guid":{"rendered":"http:\/\/www.caririemacao.com\/1\/?p=163948"},"modified":"2020-04-15T06:45:56","modified_gmt":"2020-04-15T09:45:56","slug":"monteiro-ganha-quase-1-milhao-de-reais-para-o-combate-contra-a-covid-19","status":"publish","type":"post","link":"https:\/\/www.caririemacao.com\/1\/2020\/04\/15\/monteiro-ganha-quase-1-milhao-de-reais-para-o-combate-contra-a-covid-19\/","title":{"rendered":"Monteiro ganha quase 1 milh\u00e3o de reais para o combate contra a Covid-19"},"content":{"rendered":"\n<p>At\u00e9 o momento ningu\u00e9m sabe qual foi o crit\u00e9rio usado pelo Governo Federal para ajudar os munic\u00edpios no combate ao coronav\u00edrus. A cidade de Monteiro, maior munic\u00edpio da regi\u00e3o do Cariri, recebeu R$ 922.179,76 para ajudar nas a\u00e7\u00f5es de combate a doen\u00e7a que vem se alastrando pelo mundo a fora e com casos confirmados dentro da pr\u00f3pria regi\u00e3o.<\/p>\n\n\n\n<p>Com essa grana, a prefeita Anna Lorena ter\u00e1 condi\u00e7\u00f5es de fomentar a\u00e7\u00f5es mais en\u00e9rgicas no combate a pandemia.<\/p>\n\n\n\n<p>A cidade de Sum\u00e9, administrada pelo prefeito \u00c9den Duarte, recebeu R$ 468.739,34. J\u00e1 o munic\u00edpio de Boqueir\u00e3o ficou com R$ 189.120,85.<\/p>\n\n\n\n<p>Na mesma regi\u00e3o, outros munic\u00edpios receberam valores insignificantes, menor que um sal\u00e1rio m\u00ednimo:&nbsp;<strong>Amparo R$ 203,12<\/strong><strong>,&nbsp;<\/strong><strong>Parari R$ 230,81<\/strong><strong>&nbsp;e&nbsp;<\/strong><strong>S\u00e3o Domingos do Cariri R$ 394,3<\/strong><strong>.<\/strong><\/p>\n\n\n\n<p><strong>Blog do Bruno Lira<\/strong><\/p>\n","protected":false},"excerpt":{"rendered":"<p>At\u00e9 o momento ningu\u00e9m sabe qual foi o crit\u00e9rio usado pelo Governo Federal para ajudar os munic\u00edpios no combate ao coronav\u00edrus. A cidade de Monteiro,&hellip; <\/p>\n","protected":false},"author":1,"featured_media":163949,"comment_status":"closed","ping_status":"closed","sticky":false,"template":"","format":"standard","meta":{"sfsi_plus_gutenberg_text_before_share":"","sfsi_plus_gutenberg_show_text_before_share":"","sfsi_plus_gutenberg_icon_type":"","sfsi_plus_gutenberg_icon_alignemt":"","sfsi_plus_gutenburg_max_per_row":"","footnotes":""},"categories":[6,50],"tags":[],"class_list":["post-163948","post","type-post","status-publish","format-standard","has-post-thumbnail","hentry","category-cidades","category-destaque"],"_links":{"self":[{"href":"https:\/\/www.caririemacao.com\/1\/wp-json\/wp\/v2\/posts\/163948","targetHints":{"allow":["GET"]}}],"collection":[{"href":"https:\/\/www.caririemacao.com\/1\/wp-json\/wp\/v2\/posts"}],"about":[{"href":"https:\/\/www.caririemacao.com\/1\/wp-json\/wp\/v2\/types\/post"}],"author":[{"embeddable":true,"href":"https:\/\/www.caririemacao.com\/1\/wp-json\/wp\/v2\/users\/1"}],"replies":[{"embeddable":true,"href":"https:\/\/www.caririemacao.com\/1\/wp-json\/wp\/v2\/comments?post=163948"}],"version-history":[{"count":1,"href":"https:\/\/www.caririemacao.com\/1\/wp-json\/wp\/v2\/posts\/163948\/revisions"}],"predecessor-version":[{"id":163950,"href":"https:\/\/www.caririemacao.com\/1\/wp-json\/wp\/v2\/posts\/163948\/revisions\/163950"}],"wp:featuredmedia":[{"embeddable":true,"href":"https:\/\/www.caririemacao.com\/1\/wp-json\/wp\/v2\/media\/163949"}],"wp:attachment":[{"href":"https:\/\/www.caririemacao.com\/1\/wp-json\/wp\/v2\/media?parent=163948"}],"wp:term":[{"taxonomy":"category","embeddable":true,"href":"https:\/\/www.caririemacao.com\/1\/wp-json\/wp\/v2\/categories?post=163948"},{"taxonomy":"post_tag","embeddable":true,"href":"https:\/\/www.caririemacao.com\/1\/wp-json\/wp\/v2\/tags?post=163948"}],"curies":[{"name":"wp","href":"https:\/\/api.w.org\/{rel}","templated":true}]}}