{"id":163951,"date":"2020-04-15T06:51:03","date_gmt":"2020-04-15T09:51:03","guid":{"rendered":"http:\/\/www.caririemacao.com\/1\/?p=163951"},"modified":"2020-04-15T06:51:04","modified_gmt":"2020-04-15T09:51:04","slug":"paraiba-mais-5-obitos-sao-confirmados-por-covid-19-bebe-de-4-meses-esta-entre-as-vitimas","status":"publish","type":"post","link":"https:\/\/www.caririemacao.com\/1\/2020\/04\/15\/paraiba-mais-5-obitos-sao-confirmados-por-covid-19-bebe-de-4-meses-esta-entre-as-vitimas\/","title":{"rendered":"Para\u00edba: mais 5 \u00f3bitos s\u00e3o confirmados, por Covid-19; beb\u00ea de 4 meses est\u00e1 entre as v\u00edtimas"},"content":{"rendered":"\n<p>A Secretaria do Estado de Sa\u00fade (SES) confirmou no fim da tarde desta ter\u00e7a-feira (14) mais 5 mortes por Covid-19 na Para\u00edba. Dentre as v\u00edtimas fatais est\u00e1 um beb\u00ea de 4 meses, que morreu em Tapero\u00e1.<\/p>\n\n\n\n<p>O n\u00famero de casos no Estado chegou a 152 nesta ter\u00e7a. 52 pacientes j\u00e1 se recuperaram, 21 foram a \u00f3bito e 16 est\u00e3o hospitalizados, 4 deles em leitos de UTI. Os demais se recuperam em isolamento domiciliar acompanhado pelas secretarias municipais de sa\u00fade.<\/p>\n\n\n\n<p>Os casos est\u00e3o distribu\u00eddos em 13 munic\u00edpios: Jo\u00e3o Pessoa (115), Santa Rita (12), Campina Grande (3), Cabedelo (5), Bayeux (4), Junco do Serid\u00f3 (3), Patos (4), Serra Branca (1), Sape (1), Sousa (1), Igaracy (1), Tapero\u00e1 (1) e S\u00e3o Jo\u00e3o Rio Do Peixe (1).<\/p>\n\n\n\n<p>Dos 5&nbsp;<strong>\u00f3bitos<\/strong>&nbsp;confirmados nesta ter\u00e7a, trata-se:<\/p>\n\n\n\n<ol class=\"wp-block-list\"><li>Homem, residente em Santa Rita, 65 anos, diab\u00e9tico, \u00f3bito ocorrido em 13\/04 em unidade p\u00fablica de sa\u00fade.<\/li><li>Mulher, lactente (4 meses), residente em Tapero\u00e1. \u00d3bito ocorrido em 11\/04 em hospital p\u00fablico.<\/li><li>Homem, 46 anos, residente de Jo\u00e3o Pessoa, portador de defici\u00eancia intelectual, estava internado em hospital p\u00fablico, \u00f3bito ocorrido no dia 12\/04.<\/li><li>Homem, 88 anos, portador de comorbidade, residente em Jo\u00e3o Pessoa, interno em hospital privado, \u00f3bito dia 10\/04.<\/li><li>Mulher, 95 anos, cardiopata, residente em Jo\u00e3o Pessoa, estava internada em hospital privado. \u00d3bito ocorrido no dia 23\/03.<\/li><\/ol>\n\n\n\n<p>No momento, 85 pessoas est\u00e3o internadas com notifica\u00e7\u00e3o de suspeita para Covid-19, sendo 70 em enfermaria (48 p\u00fablico\/ 22 privado) e 15 na UTI (10 p\u00fablico\/ 5 privado). Os demais casos hospitalizados e com resultado n\u00e3o detect\u00e1vel seguem em investiga\u00e7\u00e3o para demais v\u00edrus.<\/p>\n\n\n\n<p>Com WSCOM<\/p>\n","protected":false},"excerpt":{"rendered":"<p>A Secretaria do Estado de Sa\u00fade (SES) confirmou no fim da tarde desta ter\u00e7a-feira (14) mais 5 mortes por Covid-19 na Para\u00edba. Dentre as v\u00edtimas&hellip; <\/p>\n","protected":false},"author":1,"featured_media":163952,"comment_status":"closed","ping_status":"closed","sticky":false,"template":"","format":"standard","meta":{"sfsi_plus_gutenberg_text_before_share":"","sfsi_plus_gutenberg_show_text_before_share":"","sfsi_plus_gutenberg_icon_type":"","sfsi_plus_gutenberg_icon_alignemt":"","sfsi_plus_gutenburg_max_per_row":"","footnotes":""},"categories":[16],"tags":[],"class_list":["post-163951","post","type-post","status-publish","format-standard","has-post-thumbnail","hentry","category-saude"],"_links":{"self":[{"href":"https:\/\/www.caririemacao.com\/1\/wp-json\/wp\/v2\/posts\/163951","targetHints":{"allow":["GET"]}}],"collection":[{"href":"https:\/\/www.caririemacao.com\/1\/wp-json\/wp\/v2\/posts"}],"about":[{"href":"https:\/\/www.caririemacao.com\/1\/wp-json\/wp\/v2\/types\/post"}],"author":[{"embeddable":true,"href":"https:\/\/www.caririemacao.com\/1\/wp-json\/wp\/v2\/users\/1"}],"replies":[{"embeddable":true,"href":"https:\/\/www.caririemacao.com\/1\/wp-json\/wp\/v2\/comments?post=163951"}],"version-history":[{"count":1,"href":"https:\/\/www.caririemacao.com\/1\/wp-json\/wp\/v2\/posts\/163951\/revisions"}],"predecessor-version":[{"id":163953,"href":"https:\/\/www.caririemacao.com\/1\/wp-json\/wp\/v2\/posts\/163951\/revisions\/163953"}],"wp:featuredmedia":[{"embeddable":true,"href":"https:\/\/www.caririemacao.com\/1\/wp-json\/wp\/v2\/media\/163952"}],"wp:attachment":[{"href":"https:\/\/www.caririemacao.com\/1\/wp-json\/wp\/v2\/media?parent=163951"}],"wp:term":[{"taxonomy":"category","embeddable":true,"href":"https:\/\/www.caririemacao.com\/1\/wp-json\/wp\/v2\/categories?post=163951"},{"taxonomy":"post_tag","embeddable":true,"href":"https:\/\/www.caririemacao.com\/1\/wp-json\/wp\/v2\/tags?post=163951"}],"curies":[{"name":"wp","href":"https:\/\/api.w.org\/{rel}","templated":true}]}}