{"id":163997,"date":"2020-04-15T07:12:53","date_gmt":"2020-04-15T10:12:53","guid":{"rendered":"http:\/\/www.caririemacao.com\/1\/?p=163997"},"modified":"2020-04-15T07:12:55","modified_gmt":"2020-04-15T10:12:55","slug":"monteiro-recebe-do-judiciario-doacao-para-combate-ao-coronavirus-no-municipio","status":"publish","type":"post","link":"https:\/\/www.caririemacao.com\/1\/2020\/04\/15\/monteiro-recebe-do-judiciario-doacao-para-combate-ao-coronavirus-no-municipio\/","title":{"rendered":"Monteiro recebe do Judici\u00e1rio doa\u00e7\u00e3o para combate ao Coronav\u00edrus no munic\u00edpio"},"content":{"rendered":"\n<p>A pandemia do novo Coronav\u00edrus colocou o mundo todo em situa\u00e7\u00e3o de emerg\u00eancia no sentido da escassez de equipamentos e insumos para os profissionais da sa\u00fade e popula\u00e7\u00e3o.<\/p>\n\n\n\n<p>Neste cen\u00e1rio, o Juiz de Direito da Primeira Vara da Comarca de Monteiro, Nilson Dias de Assis Neto sensibilizado com o momento em que o pa\u00eds se encontra, mais especificamente Monteiro, decidiu realizar uma doa\u00e7\u00e3o para o combate ao Covid-19 no munic\u00edpio.<\/p>\n\n\n\n<p>A import\u00e2ncia de R$ 18.000,00 (dezoito mil reais) vindo atrav\u00e9s de a\u00e7\u00f5es judiciais de transa\u00e7\u00f5es penais, tem o intuito de fortalecer as a\u00e7\u00f5es de combate \u00e0 pandemia no munic\u00edpio.<\/p>\n\n\n\n<p>Para Paula Oliveira, secret\u00e1ria da Sa\u00fade a doa\u00e7\u00e3o vem em boa hora. \u201cN\u00f3s recebemos este valor e empregaremos em itens necess\u00e1rios para prevenir caso a doen\u00e7a chegue at\u00e9 o munic\u00edpio de Monteiro. Nossas equipes tem um gasto alto de materiais descart\u00e1veis como m\u00e1scaras, luvas e equipamentos essenciais, principalmente pela dificuldade neste momento que a curva ascendente da pandemia de coronav\u00edrus se apresenta\u201d, comentou.<\/p>\n","protected":false},"excerpt":{"rendered":"<p>A pandemia do novo Coronav\u00edrus colocou o mundo todo em situa\u00e7\u00e3o de emerg\u00eancia no sentido da escassez de equipamentos e insumos para os profissionais da&hellip; <\/p>\n","protected":false},"author":2,"featured_media":163999,"comment_status":"closed","ping_status":"closed","sticky":false,"template":"","format":"standard","meta":{"sfsi_plus_gutenberg_text_before_share":"","sfsi_plus_gutenberg_show_text_before_share":"","sfsi_plus_gutenberg_icon_type":"","sfsi_plus_gutenberg_icon_alignemt":"","sfsi_plus_gutenburg_max_per_row":"","footnotes":""},"categories":[50,16],"tags":[],"class_list":["post-163997","post","type-post","status-publish","format-standard","has-post-thumbnail","hentry","category-destaque","category-saude"],"_links":{"self":[{"href":"https:\/\/www.caririemacao.com\/1\/wp-json\/wp\/v2\/posts\/163997","targetHints":{"allow":["GET"]}}],"collection":[{"href":"https:\/\/www.caririemacao.com\/1\/wp-json\/wp\/v2\/posts"}],"about":[{"href":"https:\/\/www.caririemacao.com\/1\/wp-json\/wp\/v2\/types\/post"}],"author":[{"embeddable":true,"href":"https:\/\/www.caririemacao.com\/1\/wp-json\/wp\/v2\/users\/2"}],"replies":[{"embeddable":true,"href":"https:\/\/www.caririemacao.com\/1\/wp-json\/wp\/v2\/comments?post=163997"}],"version-history":[{"count":1,"href":"https:\/\/www.caririemacao.com\/1\/wp-json\/wp\/v2\/posts\/163997\/revisions"}],"predecessor-version":[{"id":164001,"href":"https:\/\/www.caririemacao.com\/1\/wp-json\/wp\/v2\/posts\/163997\/revisions\/164001"}],"wp:featuredmedia":[{"embeddable":true,"href":"https:\/\/www.caririemacao.com\/1\/wp-json\/wp\/v2\/media\/163999"}],"wp:attachment":[{"href":"https:\/\/www.caririemacao.com\/1\/wp-json\/wp\/v2\/media?parent=163997"}],"wp:term":[{"taxonomy":"category","embeddable":true,"href":"https:\/\/www.caririemacao.com\/1\/wp-json\/wp\/v2\/categories?post=163997"},{"taxonomy":"post_tag","embeddable":true,"href":"https:\/\/www.caririemacao.com\/1\/wp-json\/wp\/v2\/tags?post=163997"}],"curies":[{"name":"wp","href":"https:\/\/api.w.org\/{rel}","templated":true}]}}